{"id":6133,"date":"2025-07-28T22:34:14","date_gmt":"2025-07-28T22:34:14","guid":{"rendered":"https:\/\/www.europesays.com\/pt\/6133\/"},"modified":"2025-07-28T22:34:14","modified_gmt":"2025-07-28T22:34:14","slug":"alimentacao-os-porques-da-producao-e-consumo-locais","status":"publish","type":"post","link":"https:\/\/www.europesays.com\/pt\/6133\/","title":{"rendered":"Alimenta\u00e7\u00e3o: os porqu\u00eas da produ\u00e7\u00e3o e consumo locais"},"content":{"rendered":"<p>Em contraponto aos modelos agr\u00edcolas internacionalizados, cresce a ideia do comer local: \u00e9 mais saud\u00e1vel, barateia custos e sustenta a retroalimenta\u00e7\u00e3o da vida. Al\u00e9m disso, troca a ambi\u00e7\u00e3o do lucro m\u00e1ximo pela ancestralidade de dietas constru\u00eddas ao longo dos s\u00e9culos pelos povos<\/p>\n<p><img fetchpriority=\"high\" decoding=\"async\" width=\"750\" height=\"422\" src=\"https:\/\/www.europesays.com\/pt\/wp-content\/uploads\/2025\/07\/Sem-titulo-8.jpeg\" alt=\"\" class=\"wp-image-3111830\"  \/><\/p>\n<p><strong>1. Introdu\u00e7\u00e3o \u2013 o corpo, o ambiente e a origem dos alimentos<\/strong><\/p>\n<p>          Boletim Outras Palavras<\/p>\n<p>Receba por email, diariamente, todas as publica\u00e7\u00f5es do site<\/p>\n<p>          Agradecemos!<\/p>\n<p>Voc\u00ea j\u00e1 est\u00e1 inscrito e come\u00e7ar\u00e1 a receber os boletins em breve. Boa leitura!<\/p>\n<p><img loading=\"lazy\" decoding=\"async\" src=\"https:\/\/www.europesays.com\/pt\/wp-content\/uploads\/2025\/07\/z3h6l4\" width=\"1\" height=\"1\" style=\"max-width:1px;max-height:1px;visibility:hidden;padding:0;margin:0;display:block\" alt=\".\" border=\"0\"\/><\/p>\n<p>Em um mundo cada vez mais desconectado de seus territ\u00f3rios, torna-se urgente repensar nossas escolhas alimentares. A tese que proponho aqui \u00e9 simples, embora profunda: a comida mais adequada para um determinado grupo humano \u00e9, via de regra, aquela que nasce de seu pr\u00f3prio territ\u00f3rio \u2014 em seu clima, seu solo, sua biodiversidade e seus ritmos.<\/p>\n<p><strong>2. O corpo humano \u00e9 um ecossistema local<\/strong><\/p>\n<p>Nosso sistema digestivo abriga trilh\u00f5es de micro-organismos (a microbiota intestinal), que desempenham fun\u00e7\u00f5es vitais. Estudos como o de Sonnenburg e Sonnenburg (2019) mostram que a diversidade da microbiota est\u00e1 diretamente associada a dietas ricas em fibras de plantas locais e minimamente processadas. O contato frequente com os alimentos do entorno ajuda a fortalecer o sistema imunol\u00f3gico e a prevenir dist\u00farbios metab\u00f3licos.<\/p>\n<p><strong>3. Economia ecol\u00f3gica e acesso<\/strong><\/p>\n<p>A comida que cresce naturalmente em uma regi\u00e3o demanda menos insumos, menos transporte e menos processamento \u2014 logo, \u00e9 mais barata e mais sustent\u00e1vel. Quando consumimos frutas da esta\u00e7\u00e3o, gr\u00e3os nativos e hortali\u00e7as locais, reduzimos custos log\u00edsticos e geramos renda no pr\u00f3prio territ\u00f3rio. Como bem sintetizou o pesquisador Carlo Petrini: \u2018Comer local \u00e9 um ato econ\u00f4mico, ecol\u00f3gico e pol\u00edtico\u2019.<\/p>\n<p><a href=\"https:\/\/apoia.se\/outraspalavras\" aria-label=\"MAT\u00c9RIA-5\" rel=\"nofollow noopener\" target=\"_blank\"><img loading=\"lazy\" decoding=\"async\" src=\"https:\/\/www.europesays.com\/pt\/wp-content\/uploads\/2025\/07\/MATERIA-5.png\" alt=\"\"   width=\"681\" height=\"171\"\/><\/a><\/p>\n<p><strong>4. Menor impacto ambiental<\/strong><\/p>\n<p>Segundo estudo de Poore e Nemecek (2018), publicado na Science, alimentos vegetais locais t\u00eam pegada de carbono drasticamente menor que alimentos ultraprocessados ou transportados por longas dist\u00e2ncias. Diminuir a depend\u00eancia de cadeias globais de produ\u00e7\u00e3o reduz o uso de combust\u00edveis f\u00f3sseis, embalagens e fertilizantes qu\u00edmicos.<\/p>\n<p><strong>5. Soberania alimentar e descoloniza\u00e7\u00e3o<\/strong><\/p>\n<p>A globaliza\u00e7\u00e3o alimentar imp\u00f4s uma dieta padr\u00e3o, com poucos ingredientes \u2014 trigo, milho, soja, carne bovina \u2014 que suprimiram sistemas alimentares tradicionais. Recuperar a comida local \u00e9 tamb\u00e9m um processo de descoloniza\u00e7\u00e3o. \u00c9 reapropriar-se de saberes ind\u00edgenas, africanos, caipiras, ribeirinhos, sertanejos. \u00c9 valorizar o que a av\u00f3 ensinou, o que o quilombo preservou, o que a mata oferece.<\/p>\n<p><strong>6. Sa\u00fade p\u00fablica e preven\u00e7\u00e3o de doen\u00e7as<\/strong><\/p>\n<p>Alimentos frescos, minimamente processados e adaptados ao ecossistema reduzem o risco de doen\u00e7as cr\u00f4nicas como obesidade, diabetes tipo 2, hipertens\u00e3o e c\u00e2nceres associados \u00e0 dieta. O Guia Alimentar para a Popula\u00e7\u00e3o Brasileira (Minist\u00e9rio da Sa\u00fade, 2014) j\u00e1 recomenda privilegiar alimentos in natura locais e evitar ultraprocessados.<\/p>\n<p><strong>7. Conclus\u00e3o \u2013 comida como elo entre corpo, cultura e planeta<\/strong><\/p>\n<p>Comer de onde se \u00e9 n\u00e3o \u00e9 apenas um retorno \u00e0s origens \u2014 \u00e9 um caminho de futuro. Um caminho que une sa\u00fade, justi\u00e7a social e integridade ecol\u00f3gica. Ao apoiar pol\u00edticas p\u00fablicas como o PNAE (Programa Nacional de Alimenta\u00e7\u00e3o Escolar) que privilegiam a agricultura familiar local, fortalecemos n\u00e3o s\u00f3 a sa\u00fade dos corpos, mas a vitalidade dos territ\u00f3rios. Comer local n\u00e3o \u00e9 moda: \u00e9 necessidade hist\u00f3rica. <\/p>\n<p><strong>Refer\u00eancias<\/strong>:<\/p>\n<p>MINIST\u00c9RIO DA SA\u00daDE. Guia alimentar para a popula\u00e7\u00e3o brasileira. 2. ed. Bras\u00edlia: MS, 2014.<\/p>\n<p>PETRINI, Carlo. Terra Madre: como n\u00e3o ser um consumidor, mas um coprodutor. S\u00e3o Paulo: Senac, 2010.<\/p>\n<p>POORE, J.; NEMECEK, T. Reducing food\u2019s environmental impacts through producers and consumers. Science, v. 360, n. 6392, p. 987\u2013992, 2018.<\/p>\n<p><a href=\"https:\/\/elefanteeditora.com.br\/\" aria-label=\"Banner-Elefante+Outras-Palavras\" rel=\"nofollow noopener\" target=\"_blank\"><img loading=\"lazy\" decoding=\"async\" src=\"https:\/\/www.europesays.com\/pt\/wp-content\/uploads\/2025\/07\/Banner-ElefanteOutras-Palavras.gif\" alt=\"\" width=\"728\" height=\"90\" style=\"display: inline-block;\"\/><\/a><\/p>\n<p>SONNENBURG, J.L.; SONNENBURG, E.D. The Good Gut: Taking Control of Your Weight, Your Mood, and Your Long-term Health. New York: Penguin, 2015.<\/p>\n<p>Sem publicidade ou patroc\u00ednio, dependemos de voc\u00ea. Fa\u00e7a parte do nosso grupo de apoiadores e ajude a manter nossa voz livre e plural: <a href=\"https:\/\/apoia.se\/outraspalavras\" rel=\"nofollow noopener\" target=\"_blank\"><strong>apoia.se\/outraspalavras<\/strong><\/a><\/p>\n","protected":false},"excerpt":{"rendered":"Em contraponto aos modelos agr\u00edcolas internacionalizados, cresce a ideia do comer local: \u00e9 mais saud\u00e1vel, barateia custos e&hellip;\n","protected":false},"author":2,"featured_media":6134,"comment_status":"","ping_status":"","sticky":false,"template":"","format":"standard","meta":{"footnotes":""},"categories":[86],"tags":[3254,547,3255,1646,3256,3257,3258,3259,3260,116,3261,3262,32,33,117,3204],"class_list":{"0":"post-6133","1":"post","2":"type-post","3":"status-publish","4":"format-standard","5":"has-post-thumbnail","7":"category-saude","8":"tag-alimentacao-decolonial","9":"tag-alimentacao-saudavel","10":"tag-alimentos-naturais","11":"tag-alimentos-ultraprocessados","12":"tag-ancestralidade","13":"tag-cadeias-globais-de-producao","14":"tag-comer-local","15":"tag-comida-local","16":"tag-descolonizacao","17":"tag-health","18":"tag-integridade-ecologica","19":"tag-local-food","20":"tag-portugal","21":"tag-pt","22":"tag-saude","23":"tag-sustentabilidade"},"share_on_mastodon":{"url":"","error":""},"_links":{"self":[{"href":"https:\/\/www.europesays.com\/pt\/wp-json\/wp\/v2\/posts\/6133","targetHints":{"allow":["GET"]}}],"collection":[{"href":"https:\/\/www.europesays.com\/pt\/wp-json\/wp\/v2\/posts"}],"about":[{"href":"https:\/\/www.europesays.com\/pt\/wp-json\/wp\/v2\/types\/post"}],"author":[{"embeddable":true,"href":"https:\/\/www.europesays.com\/pt\/wp-json\/wp\/v2\/users\/2"}],"replies":[{"embeddable":true,"href":"https:\/\/www.europesays.com\/pt\/wp-json\/wp\/v2\/comments?post=6133"}],"version-history":[{"count":0,"href":"https:\/\/www.europesays.com\/pt\/wp-json\/wp\/v2\/posts\/6133\/revisions"}],"wp:featuredmedia":[{"embeddable":true,"href":"https:\/\/www.europesays.com\/pt\/wp-json\/wp\/v2\/media\/6134"}],"wp:attachment":[{"href":"https:\/\/www.europesays.com\/pt\/wp-json\/wp\/v2\/media?parent=6133"}],"wp:term":[{"taxonomy":"category","embeddable":true,"href":"https:\/\/www.europesays.com\/pt\/wp-json\/wp\/v2\/categories?post=6133"},{"taxonomy":"post_tag","embeddable":true,"href":"https:\/\/www.europesays.com\/pt\/wp-json\/wp\/v2\/tags?post=6133"}],"curies":[{"name":"wp","href":"https:\/\/api.w.org\/{rel}","templated":true}]}}