{"id":61421,"date":"2025-09-06T21:08:13","date_gmt":"2025-09-06T21:08:13","guid":{"rendered":"https:\/\/www.europesays.com\/pt\/61421\/"},"modified":"2025-09-06T21:08:13","modified_gmt":"2025-09-06T21:08:13","slug":"eua-tentaram-colocar-escutas-a-kim-jong-un-observador","status":"publish","type":"post","link":"https:\/\/www.europesays.com\/pt\/61421\/","title":{"rendered":"EUA tentaram colocar escutas a Kim Jong-un \u2013 Observador"},"content":{"rendered":"<p>O jornal The New York Times revelou, esta sexta-feira, uma miss\u00e3o secreta falhada das for\u00e7as especiais da Marinha norte-americana, que tentaram, em 2019, infiltrar-se na Coreia do Norte para colocar escutas nas comunica\u00e7\u00f5es do l\u00edder Kim Jong-un.<\/p>\n<p>O jornal usou 20 fontes familiarizadas com a opera\u00e7\u00e3o secreta durante o primeiro mandato do Presidente norte-americano, Donald Trump (2017-2021), e relata que elementos da Navy Seal Team 6 treinaram durante meses um plano para <strong>colocar um submarino nuclear em \u00e1guas norte-coreanas,<\/strong> juntamente com dois mini submarinos que navegariam ao largo da costa e deixariam os militares junto do alvo.<\/p>\n<p>No entanto, encontraram um barco norte-coreano com um grupo de pessoas, que foram mortas a tiro por receio de que comprometessem a opera\u00e7\u00e3o.<\/p>\n<p>Mais tarde, perceberam que se tratava de pescadores civis, e n\u00e3o de militares. Ainda assim, esconderam os corpos no mar, para garantir que a Coreia do Norte n\u00e3o iria atribuir o sucedido a a\u00e7\u00f5es militares estrangeiras.<\/p>\n<p>Temendo serem descobertos, os Navy Seals retiraram-se sem instalar equipamento eletr\u00f3nico de escuta de \u00faltima gera\u00e7\u00e3o, concebido para <strong>intercetar as comunica\u00e7\u00f5es da elite norte-coreana<\/strong>, o que \u00e9 extremamente dif\u00edcil para os servi\u00e7os de informa\u00e7\u00f5es norte-americanos.<\/p>\n<p>O objetivo era instalar um dispositivo eletr\u00f3nico que permitisse <strong>escutar Kim Jong-un em conversas de alto n\u00edvel sobre o seu programa nuclear.<\/strong><\/p>\n<p>Al\u00e9m do encontro com a embarca\u00e7\u00e3o de pescadores, a opera\u00e7\u00e3o enfrentou v\u00e1rios outros erros, que inclu\u00edram uma manobra incorreta de um dos mini submarinos dos Navy Seals, tendo sido ainda realizada \u201c\u00e0s escuras\u201d, sem apoio a\u00e9reo nem imagens em tempo real para que os militares das for\u00e7as especiais n\u00e3o fossem descobertos.<\/p>\n<p>Embora nem a Casa Branca nem o Pent\u00e1gono tenham\u00a0confirmado a miss\u00e3o, fontes que trabalharam durante o primeiro mandato de Trump afirmam que a equipa do Presidente norte-americano temia um conflito com a Coreia do Norte, uma na\u00e7\u00e3o hostil com armas nucleares e que tecnicamente permanece em guerra com a Coreia do Sul.<\/p>\n<p>Esta \u00e9 a primeira vez que este acontecimento \u00e9 noticiado e os documentos permanecem confidenciais.<\/p>\n<p>O The New York Times falou com duas dezenas de pessoas ligadas \u00e0 opera\u00e7\u00e3o, incluindo \u201cfuncion\u00e1rios civis do Governo, membros da primeira administra\u00e7\u00e3o Trump e militares atuais e antigos com conhecimento da miss\u00e3o\u201d.<\/p>\n<p>Alguns destes testemunhos, que pediram anonimato, relataram que a opera\u00e7\u00e3o requeria autoriza\u00e7\u00e3o de Trump e que o Congresso dos Estados Unidos n\u00e3o foi informado, violando a lei federal.<\/p>\n<p>Quando o democrata Joe Biden assumiu a lideran\u00e7a da Casa Branca, em substitui\u00e7\u00e3o de Trump, ordenou uma investiga\u00e7\u00e3o independente a este caso.<\/p>\n<p>Em 2021, a sua administra\u00e7\u00e3o informou o \u00f3rg\u00e3o do Congresso respons\u00e1vel pelos assuntos militares, ainda que secretamente.<\/p>\n<p>Ap\u00f3s quatro anos afastado da presid\u00eancia norte-americana, Donald Trump regressou ao poder em janeiro deste ano.<\/p>\n","protected":false},"excerpt":{"rendered":"O jornal The New York Times revelou, esta sexta-feira, uma miss\u00e3o secreta falhada das for\u00e7as especiais da Marinha&hellip;\n","protected":false},"author":2,"featured_media":61422,"comment_status":"","ping_status":"","sticky":false,"template":"","format":"standard","meta":{"footnotes":""},"categories":[50],"tags":[624,27,28,3459,92,623,15,16,14,3899,25,26,21,22,62,12,13,19,20,23,24,17,18,29,30,31,63,64,65],"class_list":{"0":"post-61421","1":"post","2":"type-post","3":"status-publish","4":"format-standard","5":"has-post-thumbnail","7":"category-mundo","8":"tag-amu00e9rica","9":"tag-breaking-news","10":"tag-breakingnews","11":"tag-coreia-do-norte","12":"tag-donald-trump","13":"tag-estados-unidos-da-amu00e9rica","14":"tag-featured-news","15":"tag-featurednews","16":"tag-headlines","17":"tag-kim-jong-un","18":"tag-latest-news","19":"tag-latestnews","20":"tag-main-news","21":"tag-mainnews","22":"tag-mundo","23":"tag-news","24":"tag-noticias","25":"tag-noticias-principais","26":"tag-noticiasprincipais","27":"tag-principais-noticias","28":"tag-principaisnoticias","29":"tag-top-stories","30":"tag-topstories","31":"tag-ultimas","32":"tag-ultimas-noticias","33":"tag-ultimasnoticias","34":"tag-world","35":"tag-world-news","36":"tag-worldnews"},"share_on_mastodon":{"url":"","error":""},"_links":{"self":[{"href":"https:\/\/www.europesays.com\/pt\/wp-json\/wp\/v2\/posts\/61421","targetHints":{"allow":["GET"]}}],"collection":[{"href":"https:\/\/www.europesays.com\/pt\/wp-json\/wp\/v2\/posts"}],"about":[{"href":"https:\/\/www.europesays.com\/pt\/wp-json\/wp\/v2\/types\/post"}],"author":[{"embeddable":true,"href":"https:\/\/www.europesays.com\/pt\/wp-json\/wp\/v2\/users\/2"}],"replies":[{"embeddable":true,"href":"https:\/\/www.europesays.com\/pt\/wp-json\/wp\/v2\/comments?post=61421"}],"version-history":[{"count":0,"href":"https:\/\/www.europesays.com\/pt\/wp-json\/wp\/v2\/posts\/61421\/revisions"}],"wp:featuredmedia":[{"embeddable":true,"href":"https:\/\/www.europesays.com\/pt\/wp-json\/wp\/v2\/media\/61422"}],"wp:attachment":[{"href":"https:\/\/www.europesays.com\/pt\/wp-json\/wp\/v2\/media?parent=61421"}],"wp:term":[{"taxonomy":"category","embeddable":true,"href":"https:\/\/www.europesays.com\/pt\/wp-json\/wp\/v2\/categories?post=61421"},{"taxonomy":"post_tag","embeddable":true,"href":"https:\/\/www.europesays.com\/pt\/wp-json\/wp\/v2\/tags?post=61421"}],"curies":[{"name":"wp","href":"https:\/\/api.w.org\/{rel}","templated":true}]}}