{"id":61524,"date":"2025-09-06T22:50:13","date_gmt":"2025-09-06T22:50:13","guid":{"rendered":"https:\/\/www.europesays.com\/pt\/61524\/"},"modified":"2025-09-06T22:50:13","modified_gmt":"2025-09-06T22:50:13","slug":"trump-deixa-aviso-a-chicago-prestes-a-descobrir-porque-e-que","status":"publish","type":"post","link":"https:\/\/www.europesays.com\/pt\/61524\/","title":{"rendered":"Trump deixa &#8216;aviso&#8217; a Chicago: &#8220;Prestes a descobrir porque \u00e9 que &#8230;&#8221;"},"content":{"rendered":"<p>Depois de Los Angeles, o presidente dos Estados Unidos, Donald Trump, quer tamb\u00e9m &#8220;intervir em Chicago&#8221; com pol\u00edcias federais e militares para &#8220;resolver o crime&#8221; naquela que considera a cidade &#8220;mais perigosa do mundo&#8221;. Entretanto, o republicano tamb\u00e9m j\u00e1 oficializou o regresso do Departamento de Guerra ao pa\u00eds.\u00a0<\/p>\n<p>Este s\u00e1bado, Donald Trump recorreu \u00e0 sua plataforma Truth Social e partilhou um imagem sua vestido com uma farda do ex\u00e9rcito norte-americano com a cidade de Chicago como fundo, com v\u00e1rios helic\u00f3pteros no ar e chamas.<\/p>\n<p>&#8220;&#8216;Adoro o cheiro de deporta\u00e7\u00f5es pela manh\u00e3&#8230;'&#8221;, l\u00ea-se.<\/p>\n<p>E acrescentou: &#8220;Chicago est\u00e1 prestes a descobrir porque \u00e9 que se chama Departamento de Guerra&#8221;.\u00a0<\/p>\n<p>Note-se que, na passada ter\u00e7a-feira, o chefe de Estado norte-americano amea\u00e7ou enviar pol\u00edcias federais e militares, como reservistas da Guarda Nacional, para cidades democratas, como Chicago, Nova Iorque e Baltimore.<\/p>\n<p>&#13;<br \/>\n                                                    &#13;\n                                                    <\/p>\n<p>As declara\u00e7\u00f5es de Trump foram feitas na Casa Branca, depois de j\u00e1 hoje ter prometido, atrav\u00e9s da sua plataforma de rede social, Truth Social, que vai resolver o crime na cidade do norte dos Estados Unidos, que considerou &#8220;a mais perigosa do mundo, de longe&#8221;.<\/p>\n<p>                                                    <img decoding=\"async\" src=\"https:\/\/www.europesays.com\/pt\/wp-content\/uploads\/2025\/09\/naom_68b756195f4ba.jpg\" border=\"0\" alt=\"Donald Trump garante que vai \"\/><\/p>\n<p>O Presidente norte-americano, Donald Trump, insistiu hoje que a sua administra\u00e7\u00e3o vai &#8220;intervir em Chicago&#8221;, sem especificar quando planeia enviar para aquela cidade pol\u00edcias federais, como fez recentemente em Washington.<\/p>\n<p>                                                     Lusa | 21:39 &#8211; 02\/09\/2025 <\/p>\n<p>J\u00e1 esta sexta-feira, dia 5 de setembro, Donald Trump anunciou oficialmente a mudan\u00e7a do nome do Departamento de Defesa para Departamento de Guerra, o antigo nome que teve de 1789 a 1947.<\/p>\n<p>&#8220;Penso que \u00e9 um nome mais apropriado, especialmente tendo em conta a situa\u00e7\u00e3o atual do mundo. Temos as for\u00e7as armadas mais fortes do mundo&#8221;, sublinhou Trump na Casa Branca, ao assinar a ordem executiva que estabelece o regresso da entidade ao seu antigo nome.<\/p>\n<p>O republicano justificou a mudan\u00e7a, planeada h\u00e1 algumas semanas, porque, observou, sob esse nome os Estados Unidos &#8220;alcan\u00e7aram algumas das suas maiores vit\u00f3rias militares&#8221;, numa refer\u00eancia \u00e0s vit\u00f3rias norte-americanas na 1.\u00aa e na 2.\u00aa Guerra.<\/p>\n<p>                                                    <img decoding=\"async\" src=\"https:\/\/www.europesays.com\/pt\/wp-content\/uploads\/2025\/09\/naom_68b2cd63d1977.jpg\" border=\"0\" alt=\"Donald Trump oficializa o regresso do Departamento de Guerra dos EUA\"\/><\/p>\n<p>O Presidente norte-americano, Donald Trump, anunciou oficialmente na sexta-feira a mudan\u00e7a do nome do Departamento de Defesa para Departamento de Guerra, o antigo nome que teve de 1789 a 1947.<\/p>\n<p>                                                     Lusa | 06:55 &#8211; 06\/09\/2025 <\/p>\n<p>Leia Tamb\u00e9m: <a href=\"https:\/\/www.noticiasaominuto.com\/mundo\/2849218\/juiz-impede-fim-das-protecoes-legais-a-imigrantes-pelo-governo-trump\" target=\"_blank\" rel=\"noopener noreferrer nofollow\">Juiz impede fim das prote\u00e7\u00f5es legais a imigrantes pelo governo Trump<\/a><\/p>\n","protected":false},"excerpt":{"rendered":"Depois de Los Angeles, o presidente dos Estados Unidos, Donald Trump, quer tamb\u00e9m &#8220;intervir em Chicago&#8221; com pol\u00edcias&hellip;\n","protected":false},"author":2,"featured_media":61525,"comment_status":"","ping_status":"","sticky":false,"template":"","format":"standard","meta":{"footnotes":""},"categories":[50],"tags":[27,28,15,16,14,25,26,21,22,62,12,13,19,20,23,24,17,18,29,30,31,63,64,65],"class_list":{"0":"post-61524","1":"post","2":"type-post","3":"status-publish","4":"format-standard","5":"has-post-thumbnail","7":"category-mundo","8":"tag-breaking-news","9":"tag-breakingnews","10":"tag-featured-news","11":"tag-featurednews","12":"tag-headlines","13":"tag-latest-news","14":"tag-latestnews","15":"tag-main-news","16":"tag-mainnews","17":"tag-mundo","18":"tag-news","19":"tag-noticias","20":"tag-noticias-principais","21":"tag-noticiasprincipais","22":"tag-principais-noticias","23":"tag-principaisnoticias","24":"tag-top-stories","25":"tag-topstories","26":"tag-ultimas","27":"tag-ultimas-noticias","28":"tag-ultimasnoticias","29":"tag-world","30":"tag-world-news","31":"tag-worldnews"},"share_on_mastodon":{"url":"","error":""},"_links":{"self":[{"href":"https:\/\/www.europesays.com\/pt\/wp-json\/wp\/v2\/posts\/61524","targetHints":{"allow":["GET"]}}],"collection":[{"href":"https:\/\/www.europesays.com\/pt\/wp-json\/wp\/v2\/posts"}],"about":[{"href":"https:\/\/www.europesays.com\/pt\/wp-json\/wp\/v2\/types\/post"}],"author":[{"embeddable":true,"href":"https:\/\/www.europesays.com\/pt\/wp-json\/wp\/v2\/users\/2"}],"replies":[{"embeddable":true,"href":"https:\/\/www.europesays.com\/pt\/wp-json\/wp\/v2\/comments?post=61524"}],"version-history":[{"count":0,"href":"https:\/\/www.europesays.com\/pt\/wp-json\/wp\/v2\/posts\/61524\/revisions"}],"wp:featuredmedia":[{"embeddable":true,"href":"https:\/\/www.europesays.com\/pt\/wp-json\/wp\/v2\/media\/61525"}],"wp:attachment":[{"href":"https:\/\/www.europesays.com\/pt\/wp-json\/wp\/v2\/media?parent=61524"}],"wp:term":[{"taxonomy":"category","embeddable":true,"href":"https:\/\/www.europesays.com\/pt\/wp-json\/wp\/v2\/categories?post=61524"},{"taxonomy":"post_tag","embeddable":true,"href":"https:\/\/www.europesays.com\/pt\/wp-json\/wp\/v2\/tags?post=61524"}],"curies":[{"name":"wp","href":"https:\/\/api.w.org\/{rel}","templated":true}]}}