{"id":61530,"date":"2025-09-06T22:56:18","date_gmt":"2025-09-06T22:56:18","guid":{"rendered":"https:\/\/www.europesays.com\/pt\/61530\/"},"modified":"2025-09-06T22:56:18","modified_gmt":"2025-09-06T22:56:18","slug":"marco-aurelio-e-vitima-de-atentado-no-dia-do-casamento","status":"publish","type":"post","link":"https:\/\/www.europesays.com\/pt\/61530\/","title":{"rendered":"Marco Aur\u00e9lio \u00e9 v\u00edtima de atentado no dia do casamento"},"content":{"rendered":"<p>                        <a href=\"https:\/\/img.nsctotal.com.br\/wp-content\/uploads\/2025\/09\/Marco-Aurelio-e-Leila-no-casamento-de-Odete-Roitman-em-Vale-Tudo.jpg\" data-caption=\"Marco Aur\u00e9lio e Leila no casamento de Odete Roitman em Vale Tudo\" aria-label=\"Marco Aur\u00e9lio e Leila no casamento de Odete Roitman em Vale Tudo\" rel=\"nofollow noopener\" target=\"_blank\"><img width=\"944\" height=\"531\" src=\"https:\/\/www.europesays.com\/pt\/wp-content\/uploads\/2025\/09\/Marco-Aurelio-e-Leila-no-casamento-de-Odete-Roitman-em-Vale-Tudo-944x531.jpg\" class=\"attachment-custom-large size-custom-large article-featured-image\" alt=\"Marco Aur\u00e9lio e Leila no casamento de Odete Roitman em Vale Tudo\" fetchpriority=\"high\" decoding=\"async\"  \/><\/a><\/p>\n<p>Marco Aur\u00e9lio e Leila no casamento de Odete Roitman em Vale Tudo (Foto: Divulga\u00e7\u00e3o, TV Globo)<\/p>\n<p>Marco Aur\u00e9lio (Alexandre Nero) e Leila (Carolina Dieckmmann) v\u00e3o casar em Vale Tudo. Ela j\u00e1 est\u00e1 escolhendo vestido de noiva e ele j\u00e1 at\u00e9 contou para Odete Roitman (Debora Bloch) sobre o cas\u00f3rio, que ser\u00e1 reservado apenas para os filhos do dois Tiago (Pedro Waddington) e Bruno (Miguel Moro).<\/p>\n<p>Continua depois da publicidade<\/p>\n<p>No dia do casamento dos dois, Marco Aur\u00e9lio sofrer\u00e1 um atentado. Leila fica apavorada e ajuda o marido.  E parece que quem est\u00e1 por tr\u00e1s deste atentado \u00e9 Odete Roitman. No dia anterior, Freitas (Luis Lobianco) vai ficar desconfiado com a atitude de Odete ao se despedir do ex-genro e pai do seu neto.<\/p>\n<p>Al\u00e9m disso, quando Tiago conta para a av\u00f3 que Marco Aur\u00e9lio sofreu um atentado, a rea\u00e7\u00e3o dela tamb\u00e9m vai ser estranha e, desta vez, quem vai ficar intrigado \u00e9 C\u00e9sar (Cau\u00e3 Reymond) que nota a atitude da sua esposa.<\/p>\n<p>Quem tem certeza do que est\u00e1 acontecendo \u00e9 Marco Aur\u00e9lio, que vai afirmar com todas as letras para e esposa que foi Odete que mandou atentar contra ele. Preocupada, Leila dir\u00e1 que o marido passar\u00e1 a andar com seguran\u00e7as a partir de agora.<\/p>\n<p>Continua depois da publicidade<\/p>\n<p>Tudo isso acontece no cap\u00edtulo de 15 de setembro de Vale Tudo<\/p>\n<p>Marina conta para Maria de F\u00e1tima que Heleninha e Celina entraram em atrito por causa de Est\u00e9ban. Marina coloca um rem\u00e9dio de Celina no ch\u00e1 de Heleninha para simular embriaguez. Ivan comenta com Raquel que n\u00e3o aceitar\u00e1 a proposta de Vilma.<\/p>\n<p>Freitas fica intrigado quando Odete se despede de Marco Aur\u00e9lio. M\u00e1rio S\u00e9rgio desconfia quando Freitas lhe conta que conseguiu o dinheiro para comprar a casa da m\u00e3e. Marco Aur\u00e9lio e Leila embarcam com Tiago e Bruno para o evento de casamento dos dois.<\/p>\n<p>Continua depois da publicidade<\/p>\n<p>M\u00e1rio S\u00e9rgio estranha a preocupa\u00e7\u00e3o de Freitas com Marco Aur\u00e9lio. Leila e Marco Aur\u00e9lio se casam. Eunice faz sucesso ao gerar interesse de uma marca famosa que v\u00ea o vestido de casamento criado para Leila. Marco Aur\u00e9lio sofre um atentado, e \u00e9 acudido por Leila.<\/p>\n<p><strong><a href=\"https:\/\/www.nsctotal.com.br\/noticias\/por-que-a-raquel-sumiu-de-vale-tudo-e-o-que-vai-acontecer-com-ela\" target=\"_blank\" rel=\"noreferrer noopener nofollow\">Por que a Raquel sumiu de Vale Tudo e o que vai acontecer com ela<\/a><\/strong><\/p>\n","protected":false},"excerpt":{"rendered":"Marco Aur\u00e9lio e Leila no casamento de Odete Roitman em Vale Tudo (Foto: Divulga\u00e7\u00e3o, TV Globo) Marco Aur\u00e9lio&hellip;\n","protected":false},"author":2,"featured_media":61531,"comment_status":"","ping_status":"","sticky":false,"template":"","format":"standard","meta":{"footnotes":""},"categories":[142],"tags":[114,115,32,33,151,543],"class_list":{"0":"post-61530","1":"post","2":"type-post","3":"status-publish","4":"format-standard","5":"has-post-thumbnail","7":"category-tv","8":"tag-entertainment","9":"tag-entretenimento","10":"tag-portugal","11":"tag-pt","12":"tag-tv","13":"tag-ver-ouvir-ler"},"share_on_mastodon":{"url":"","error":""},"_links":{"self":[{"href":"https:\/\/www.europesays.com\/pt\/wp-json\/wp\/v2\/posts\/61530","targetHints":{"allow":["GET"]}}],"collection":[{"href":"https:\/\/www.europesays.com\/pt\/wp-json\/wp\/v2\/posts"}],"about":[{"href":"https:\/\/www.europesays.com\/pt\/wp-json\/wp\/v2\/types\/post"}],"author":[{"embeddable":true,"href":"https:\/\/www.europesays.com\/pt\/wp-json\/wp\/v2\/users\/2"}],"replies":[{"embeddable":true,"href":"https:\/\/www.europesays.com\/pt\/wp-json\/wp\/v2\/comments?post=61530"}],"version-history":[{"count":0,"href":"https:\/\/www.europesays.com\/pt\/wp-json\/wp\/v2\/posts\/61530\/revisions"}],"wp:featuredmedia":[{"embeddable":true,"href":"https:\/\/www.europesays.com\/pt\/wp-json\/wp\/v2\/media\/61531"}],"wp:attachment":[{"href":"https:\/\/www.europesays.com\/pt\/wp-json\/wp\/v2\/media?parent=61530"}],"wp:term":[{"taxonomy":"category","embeddable":true,"href":"https:\/\/www.europesays.com\/pt\/wp-json\/wp\/v2\/categories?post=61530"},{"taxonomy":"post_tag","embeddable":true,"href":"https:\/\/www.europesays.com\/pt\/wp-json\/wp\/v2\/tags?post=61530"}],"curies":[{"name":"wp","href":"https:\/\/api.w.org\/{rel}","templated":true}]}}