{"id":61541,"date":"2025-09-06T23:04:15","date_gmt":"2025-09-06T23:04:15","guid":{"rendered":"https:\/\/www.europesays.com\/pt\/61541\/"},"modified":"2025-09-06T23:04:15","modified_gmt":"2025-09-06T23:04:15","slug":"este-peixe-tem-dentes-na-testa-nao-e-para-comer-gelados","status":"publish","type":"post","link":"https:\/\/www.europesays.com\/pt\/61541\/","title":{"rendered":"Este peixe tem dentes na testa (n\u00e3o \u00e9 para comer gelados)"},"content":{"rendered":"<p class=\"wp-caption-text top\">Ray Troll<\/p>\n<p><img decoding=\"async\" loading=\"lazy\" class=\"size-kopa-image-size-3 wp-image-698869\" src=\"https:\/\/www.europesays.com\/pt\/wp-content\/uploads\/2025\/09\/d3d9446802a44259755d38e6d163e820-2-783x450.jpg\" alt=\"\" width=\"700\" height=\"402\"  \/><\/p>\n<p class=\"wp-caption-text bot\">Equipa da U. Washington identificou dentes no ten\u00e1culo de um tubar\u00e3o-fantasma adulto macho, aqui ilustrado pelo artista Ray Troll<\/p>\n<p><strong>Quando se fala de dentes, os vertebrados partilham muito entre si. Qualquer que seja a forma, tamanho ou acutil\u00e2ncia, os dentes t\u00eam origens gen\u00e9ticas semelhantes, caracter\u00edsticas f\u00edsicas pr\u00f3ximas e, claro, um lugar habitual: a mand\u00edbula. Quase sempre.<br \/><\/strong><\/p>\n<p>Um novo estudo, conduzido por cientistas da Universidade de Washington e da Universidade da Florida, nos Estados Unidos, v\u00eam agora colocar em causa a suposi\u00e7\u00e3o de que os <strong>dentes s\u00f3 existem na boca<\/strong>.<\/p>\n<p>De acordo com o <a href=\"https:\/\/www.pnas.org\/doi\/10.1073\/pnas.2508054122\" data-wpel-link=\"external\" target=\"_blank\" rel=\"nofollow external noopener noreferrer\" class=\"ext-link\">estudo<\/a>, publicado na quinta-feira na Proceedings of the National Academy of Sciences,\u00a0 os \u201ctubar\u00f5es fantasma\u201d (<strong>Hydrolagus colliei<\/strong>) t\u00eam filas de dentes no topo da cabe\u00e7a, alinhadas numa excresc\u00eancia cartilaginosa chamada <strong>ten\u00e1culo<\/strong>, que se assemelha vagamente a um nariz.<\/p>\n<p>A misteriosa esp\u00e9cie, nativa do Pac\u00edfico Nordeste e da fam\u00edlia dos <strong>quimer\u00eddeos<\/strong>, pr\u00f3xima dos tubar\u00f5es, usa aparentemente os seus dentes extra para <strong>acasalar<\/strong>.<\/p>\n<p>H\u00e1 muito que os investigadores especulam sobre a <strong>origem dos dentes<\/strong>, estruturas t\u00e3o vitais \u00e0 sobreviv\u00eancia e \u00e0 evolu\u00e7\u00e3o que raramente paramos para pensar nelas.<\/p>\n<p>O debate, por\u00e9m, sempre se centrou nos dentes presentes nas mand\u00edbulas, sem considerar a possibilidade de <strong>existirem noutras partes do corpo<\/strong>.<\/p>\n<p>Com a descoberta de dentes no ten\u00e1culo, os cientistas perguntam-se agora onde mais poder\u00e3o surgir e de que forma isso poder\u00e1 alterar a hist\u00f3ria da evolu\u00e7\u00e3o dos dentes.<\/p>\n<p class=\"wp-caption-text top\">Jacqui Engel \/ University of Washington<\/p>\n<p><img decoding=\"async\" loading=\"lazy\" class=\"size-kopa-image-size-3 wp-image-698882\" src=\"https:\/\/www.europesays.com\/pt\/wp-content\/uploads\/2025\/09\/c81e728d9d4c2f636f067f89cc14862c-8-783x450.jpg\" alt=\"\" width=\"700\" height=\"402\"  \/><\/p>\n<p class=\"wp-caption-text bot\">Exemplar de tubar\u00e3o-fantasma (Hydrolagus colliei)<\/p>\n<p>\u201cEsta caracter\u00edstica absolutamente espetacular desafia uma suposi\u00e7\u00e3o de longa data na biologia evolutiva: a de que os dentes s\u00e3o estritamente estruturas orais\u201d, afirma <strong>Karly Cohen<\/strong>, investigadora da Universidade de Washington e primeira autora do estudo, em <a href=\"https:\/\/www.washington.edu\/news\/2025\/09\/04\/common-fish-has-forehead-teeth-for-mating\/\" data-wpel-link=\"external\" target=\"_blank\" rel=\"nofollow external noopener noreferrer\" class=\"ext-link\">comunicado<\/a> da universidade.<\/p>\n<p>\u201cO ten\u00e1culo \u00e9 um <strong>vest\u00edgio de desenvolvimento, n\u00e3o uma aberra\u00e7\u00e3o<\/strong>, e o primeiro exemplo claro de uma estrutura dentada fora da mand\u00edbula.\u201d<\/p>\n<p>Os \u201ctubar\u00f5es fantasma\u201d, como lhe <a href=\"https:\/\/news.ufl.edu\/2023\/07\/ghost-shark-expedition\/\" data-wpel-link=\"external\" target=\"_blank\" rel=\"nofollow external noopener noreferrer\" class=\"ext-link\">chamou<\/a> em 2023 o investigador da Universidade da Fl\u00f3rida e autor principal do estudo,\u00a0 <strong>Gareth Fraser<\/strong>, pertencem \u00e0 categoria das <strong>quimeras, peixes cartilag\u00edneos<\/strong> que divergiram dos tubar\u00f5es na \u00e1rvore evolutiva h\u00e1 milh\u00f5es de anos.<\/p>\n<p>Medem cerca de <strong>60 cent\u00edmetros<\/strong> e devem o seu nome em ingl\u00eas, spotted ratfish (\u201cpeixe-rato manchado\u201d) \u00e0 longa e delgada cauda malhada que corresponde a metade do seu comprimento.<\/p>\n<p>Apenas os machos adultos apresentam um ten\u00e1culo na testa. Em repouso, parece <strong>um pequeno amendoim branco entre os olhos<\/strong>. Quando ereto, o ten\u00e1culo torna-se <strong>curvo e pontiagudo, revestido de dentes<\/strong>.<\/p>\n<p>Os machos <strong>exibem o ten\u00e1culo para intimidar rivais<\/strong> e, durante o acasalamento, <strong>usam-no para segurar a f\u00eamea<\/strong> pela barbatana peitoral e evitar afastarem-se.<\/p>\n<p>\u201c<strong>Os tubar\u00f5es n\u00e3o t\u00eam bra\u00e7os<\/strong>, mas precisam de acasalar debaixo de \u00e1gua\u201d, explicou Cohen. \u201cPor isso, muitos desenvolveram estruturas de preens\u00e3o que lhes permitem manter contacto com o parceiro durante a reprodu\u00e7\u00e3o.\u201d<\/p>\n<p>\u201cOs Hydrolagus colliei t\u00eam caras mesmo estranhas\u201d, comentou Karly Cohen. \u201cQuando s\u00e3o pequenos, <strong>parecem um elefante espalmado<\/strong> dentro de um saco vitelino.\u201d<\/p>\n<p>As c\u00e9lulas que formam a regi\u00e3o oral encontram-se mais dispersas, o que torna plaus\u00edvel que, em algum momento, um grupo de c\u00e9lulas respons\u00e1veis pela forma\u00e7\u00e3o dent\u00e1ria<strong> tenha migrado para a cabe\u00e7a<\/strong> e ali permanecido.<\/p>\n<p>Para testar estas hip\u00f3teses, os investigadores capturaram e analisaram centenas de exemplares, utilizando microtomografias e amostras de tecido para documentar o desenvolvimento do ten\u00e1culo.<\/p>\n<p>Enquanto os tubar\u00f5es s\u00e3o dif\u00edceis de estudar, os H.colliei abundam em Puget Sound e <strong>frequentam as \u00e1guas pouco profundas<\/strong> junto dos Friday Harbor Labs, na ilha de San Juan.<\/p>\n<p>Os cientistas compararam ainda exemplares modernos com f\u00f3sseis ancestrais. As an\u00e1lises revelaram que<strong> tanto machos como f\u00eameas<\/strong> iniciam a forma\u00e7\u00e3o do ten\u00e1culo desde cedo.<\/p>\n<p>Nos machos, o processo come\u00e7a com um pequeno aglomerado de c\u00e9lulas que d\u00e1 origem a uma protuber\u00e2ncia branca entre os olhos. Esta liga-se a m\u00fasculos da mand\u00edbula, rompe a pele e, <strong>por fim, gera dentes<\/strong>. Nas f\u00eameas, esta estrutura <strong>nunca\u00a0chega a mineralizar<\/strong>, mas permanecem vest\u00edgios iniciais.<\/p>\n<p>Os novos dentes est\u00e3o enraizados numa faixa de tecido chamada <strong>l\u00e2mina dent\u00e1ria<\/strong>, presente na mand\u00edbula mas nunca antes documentada noutras regi\u00f5es. \u201cQuando vimos a l\u00e2mina dent\u00e1ria pela primeira vez, <strong>fic\u00e1mos boquiabertos<\/strong>\u201d, conta Cohen. \u201cFoi emocionante encontrar esta estrutura crucial fora da mand\u00edbula.\u201d<\/p>\n<p><strong>Nos humanos, a l\u00e2mina dent\u00e1ria desaparece<\/strong> depois do crescimento da denti\u00e7\u00e3o definitiva, mas muitos vertebrados mant\u00eam a capacidade de <strong>substituir os dentes<\/strong>.<\/p>\n<p>Os tubar\u00f5es, por exemplo, t\u00eam \u201c<strong>uma aut\u00eantica passadeira rolante<\/strong>\u201d de dentes novos, explicou Cohen. J\u00e1 os dent\u00edculos d\u00e9rmicos, incluindo os presentes nos claspers das spotted ratfish, n\u00e3o t\u00eam l\u00e2mina dent\u00e1ria.<\/p>\n<p>A identifica\u00e7\u00e3o desta estrutura foi uma prova s\u00f3lida de que os dentes do ten\u00e1culo <strong>s\u00e3o realmente dentes, e n\u00e3o dent\u00edculos residuais<\/strong>. Evid\u00eancias gen\u00e9ticas refor\u00e7aram a conclus\u00e3o.<\/p>\n<p>As amostras de tecido mostraram que os genes associados \u00e0 denti\u00e7\u00e3o nos vertebrados eram <strong>expressos no ten\u00e1culo, mas n\u00e3o nos dent\u00edculos<\/strong>. Nos f\u00f3sseis, os investigadores tamb\u00e9m encontraram ind\u00edcios de dentes no ten\u00e1culo de esp\u00e9cies aparentadas.<\/p>\n<p>\u201cTemos aqui uma combina\u00e7\u00e3o de dados experimentais e de evid\u00eancia paleontol\u00f3gica que demonstra como estes peixes reaproveitaram instru\u00e7\u00f5es gen\u00e9ticas pr\u00e9-existentes para o fabrico de dentes, para criar um novo dispositivo essencial \u00e0 reprodu\u00e7\u00e3o\u201d, afirmou <strong>Michael Coates<\/strong>, diretor do departamento de biologia e anatomia da Universidade de Chicago e coautor do estudo.<\/p>\n<p>\u201c<strong>Se estas quimeras estranhas t\u00eam dentes na testa<\/strong>, isso obriga-nos a repensar o dinamismo do desenvolvimento dent\u00e1rio em geral\u201d, diz Gareth Fraser, professor de biologia na Universidade da Florida e autor s\u00e9nior do estudo.<\/p>\n<p>\u201cAs quimeras oferecem-nos <strong>um raro vislumbre do passado<\/strong>. Quanto mais olharmos para estruturas espinhosas em vertebrados, mais dentes encontraremos fora da mand\u00edbula\u201d, conclui Karly Cohen.<\/p>\n<p>    <a href=\"https:\/\/zap.aeiou.pt\/subscrever-newsletter\" data-wpel-link=\"internal\" rel=\"nofollow noopener\" target=\"_blank\">&#13;<br \/>\n        <img loading=\"lazy\" decoding=\"async\" class=\"aligncenter size-full wp-image-575475\" src=\"https:\/\/www.europesays.com\/pt\/wp-content\/uploads\/2025\/09\/2d51fe4a0ba54894421ead1809309ed9-1-450x140.jpg\" alt=\"Subscreva a Newsletter ZAP\" width=\"450\" height=\"140\"\/>&#13;<br \/>\n    <\/a><\/p>\n<p>                <a href=\"https:\/\/whatsapp.com\/channel\/0029VaIC4EE2f3EJZPPSbR34\" data-wpel-link=\"external\" target=\"_blank\" rel=\"nofollow external noopener noreferrer\" class=\"ext-link\">&#13;<br \/>\n                    <img loading=\"lazy\" decoding=\"async\" class=\"aligncenter size-full wp-image-575475\" src=\"https:\/\/www.europesays.com\/pt\/wp-content\/uploads\/2025\/09\/c68c559d956d4ca20f435ed74a6e71e6.png\" alt=\"Siga-nos no WhatsApp\" width=\"175\" height=\"64\"\/>&#13;<br \/>\n                <\/a><\/p>\n<p>                <a href=\"https:\/\/news.google.com\/publications\/CAAiEHRwZondIV71PDjWNoqMduEqFAgKIhB0cGaJ3SFe9Tw41jaKjHbh?hl=en-US&amp;gl=US&amp;ceid=US%3Aen\" data-wpel-link=\"external\" target=\"_blank\" rel=\"nofollow external noopener noreferrer\" class=\"ext-link\">&#13;<br \/>\n                    <img loading=\"lazy\" decoding=\"async\" class=\"aligncenter size-full wp-image-575475\" src=\"https:\/\/www.europesays.com\/pt\/wp-content\/uploads\/2025\/09\/5123dd8b087b644fdb8f8603acd1bad4.png\" alt=\"Siga-nos no Google News\" width=\"176\" height=\"64\"\/>&#13;<br \/>\n                <\/a><\/p>\n","protected":false},"excerpt":{"rendered":"Ray Troll Equipa da U. Washington identificou dentes no ten\u00e1culo de um tubar\u00e3o-fantasma adulto macho, aqui ilustrado pelo&hellip;\n","protected":false},"author":2,"featured_media":61542,"comment_status":"","ping_status":"","sticky":false,"template":"","format":"standard","meta":{"footnotes":""},"categories":[50],"tags":[4614,27,28,15,16,14,17225,25,26,21,22,62,12,13,19,20,15152,23,24,17,18,29,30,31,63,64,65],"class_list":{"0":"post-61541","1":"post","2":"type-post","3":"status-publish","4":"format-standard","5":"has-post-thumbnail","7":"category-mundo","8":"tag-biologia","9":"tag-breaking-news","10":"tag-breakingnews","11":"tag-featured-news","12":"tag-featurednews","13":"tag-headlines","14":"tag-ictiologia","15":"tag-latest-news","16":"tag-latestnews","17":"tag-main-news","18":"tag-mainnews","19":"tag-mundo","20":"tag-news","21":"tag-noticias","22":"tag-noticias-principais","23":"tag-noticiasprincipais","24":"tag-paleobiologia","25":"tag-principais-noticias","26":"tag-principaisnoticias","27":"tag-top-stories","28":"tag-topstories","29":"tag-ultimas","30":"tag-ultimas-noticias","31":"tag-ultimasnoticias","32":"tag-world","33":"tag-world-news","34":"tag-worldnews"},"share_on_mastodon":{"url":"","error":""},"_links":{"self":[{"href":"https:\/\/www.europesays.com\/pt\/wp-json\/wp\/v2\/posts\/61541","targetHints":{"allow":["GET"]}}],"collection":[{"href":"https:\/\/www.europesays.com\/pt\/wp-json\/wp\/v2\/posts"}],"about":[{"href":"https:\/\/www.europesays.com\/pt\/wp-json\/wp\/v2\/types\/post"}],"author":[{"embeddable":true,"href":"https:\/\/www.europesays.com\/pt\/wp-json\/wp\/v2\/users\/2"}],"replies":[{"embeddable":true,"href":"https:\/\/www.europesays.com\/pt\/wp-json\/wp\/v2\/comments?post=61541"}],"version-history":[{"count":0,"href":"https:\/\/www.europesays.com\/pt\/wp-json\/wp\/v2\/posts\/61541\/revisions"}],"wp:featuredmedia":[{"embeddable":true,"href":"https:\/\/www.europesays.com\/pt\/wp-json\/wp\/v2\/media\/61542"}],"wp:attachment":[{"href":"https:\/\/www.europesays.com\/pt\/wp-json\/wp\/v2\/media?parent=61541"}],"wp:term":[{"taxonomy":"category","embeddable":true,"href":"https:\/\/www.europesays.com\/pt\/wp-json\/wp\/v2\/categories?post=61541"},{"taxonomy":"post_tag","embeddable":true,"href":"https:\/\/www.europesays.com\/pt\/wp-json\/wp\/v2\/tags?post=61541"}],"curies":[{"name":"wp","href":"https:\/\/api.w.org\/{rel}","templated":true}]}}