{"id":61562,"date":"2025-09-06T23:27:16","date_gmt":"2025-09-06T23:27:16","guid":{"rendered":"https:\/\/www.europesays.com\/pt\/61562\/"},"modified":"2025-09-06T23:27:16","modified_gmt":"2025-09-06T23:27:16","slug":"max-verstappen-conquista-pole-position-para-o-gp-de-italia-de-formula-1","status":"publish","type":"post","link":"https:\/\/www.europesays.com\/pt\/61562\/","title":{"rendered":"Max Verstappen conquista pole position para o GP de It\u00e1lia de F\u00f3rmula 1"},"content":{"rendered":"<p>                    O tetracampe\u00e3o mundial fez a sua melhor volta em 1.18,792 minutos, batendo o brit\u00e2nico Lando Norris (McLaren) por 0,077 segundos, com o australiano Oscar Piastri (McLaren), l\u00edder do campeonato, em terceiro, a 0,113.<\/p>\n<p>\u201cAqui \u00e9 f\u00e1cil cometer um erro. Senti-me muito bem na Q3 [terceira fase da qualifica\u00e7\u00e3o]. O carro funcionou melhor do que em todo o fim de semana e poder lutar pela \u2018pole position\u2019 \u00e9 algo que me deixa muito contente\u201d, come\u00e7ou por referir o neerland\u00eas.<\/p>\n<p>Max Verstappen surpreendeu na qualifica\u00e7\u00e3o depois de ter sido a McLaren a dominar a segunda e a terceira sess\u00f5es de treinos livres &#8211; Lewis Hamilton, em Ferrari, tinha sido o mais r\u00e1pido na primeira.<\/p>\n<p>O atual campe\u00e3o em t\u00edtulo come\u00e7ou por fazer o melhor tempo na derradeira fase da qualifica\u00e7\u00e3o, mas Lando Norris acabaria por saltar para o topo da tabela de tempos quando a sess\u00e3o esgotava os \u00faltimos segundos.<\/p>\n<p>Contudo, o piloto da Red Bull arriscou uma derradeira tentativa e melhorou o seu tempo em cerca de uma d\u00e9cima de segundo, o suficiente para ocupar o primeiro lugar da grelha de partida pela quinta vez esta temporada, 45.\u00aa na carreira.<\/p>\n<p>Verstappen j\u00e1 tinha conseguido a \u2018pole position\u2019 no Jap\u00e3o, na Ar\u00e1bia Saudita, em Miami e em Silverstone.<\/p>\n<p>\u201cHistoricamente, a corrida complica-se-nos um pouco mais. Vamos ver o que acontece amanh\u00e3\u201d, concluiu Verstappen.<\/p>\n<p>O monegasco Charles Leclerc foi o melhor dos Ferrari, que se apresentam com uma decora\u00e7\u00e3o especial por correrem em casa, ao garantir o quarto lugar, seguido de Lewis Hamilton, que foi penalizado em cinco posi\u00e7\u00f5es na grelha de partida e largar\u00e1 do 10.\u00ba posto por ter infringido bandeiras amarelas na volta de apresenta\u00e7\u00e3o da prova anterior, os Pa\u00edses Baixos.<\/p>\n<p>George Russell e Kimi Antonelli, em Mercedes, ficaram em sexto e s\u00e9timo, respetivamente.<\/p>\n<p>Piastri chega a esta 16.\u00aa de 24 rondas da temporada na lideran\u00e7a do campeonato, com 309 pontos, contra os 275 de Norris, que \u00e9 segundo. Verstappen \u00e9 o terceiro, com 205.<\/p>\n","protected":false},"excerpt":{"rendered":"O tetracampe\u00e3o mundial fez a sua melhor volta em 1.18,792 minutos, batendo o brit\u00e2nico Lando Norris (McLaren) por&hellip;\n","protected":false},"author":2,"featured_media":61563,"comment_status":"","ping_status":"","sticky":false,"template":"","format":"standard","meta":{"footnotes":""},"categories":[87],"tags":[135,13,32,33,420,421,134],"class_list":{"0":"post-61562","1":"post","2":"type-post","3":"status-publish","4":"format-standard","5":"has-post-thumbnail","7":"category-desporto","8":"tag-desporto","9":"tag-noticias","10":"tag-portugal","11":"tag-pt","12":"tag-rtp","13":"tag-rtp-noticias","14":"tag-sports"},"share_on_mastodon":{"url":"","error":""},"_links":{"self":[{"href":"https:\/\/www.europesays.com\/pt\/wp-json\/wp\/v2\/posts\/61562","targetHints":{"allow":["GET"]}}],"collection":[{"href":"https:\/\/www.europesays.com\/pt\/wp-json\/wp\/v2\/posts"}],"about":[{"href":"https:\/\/www.europesays.com\/pt\/wp-json\/wp\/v2\/types\/post"}],"author":[{"embeddable":true,"href":"https:\/\/www.europesays.com\/pt\/wp-json\/wp\/v2\/users\/2"}],"replies":[{"embeddable":true,"href":"https:\/\/www.europesays.com\/pt\/wp-json\/wp\/v2\/comments?post=61562"}],"version-history":[{"count":0,"href":"https:\/\/www.europesays.com\/pt\/wp-json\/wp\/v2\/posts\/61562\/revisions"}],"wp:featuredmedia":[{"embeddable":true,"href":"https:\/\/www.europesays.com\/pt\/wp-json\/wp\/v2\/media\/61563"}],"wp:attachment":[{"href":"https:\/\/www.europesays.com\/pt\/wp-json\/wp\/v2\/media?parent=61562"}],"wp:term":[{"taxonomy":"category","embeddable":true,"href":"https:\/\/www.europesays.com\/pt\/wp-json\/wp\/v2\/categories?post=61562"},{"taxonomy":"post_tag","embeddable":true,"href":"https:\/\/www.europesays.com\/pt\/wp-json\/wp\/v2\/tags?post=61562"}],"curies":[{"name":"wp","href":"https:\/\/api.w.org\/{rel}","templated":true}]}}