{"id":61574,"date":"2025-09-06T23:43:06","date_gmt":"2025-09-06T23:43:06","guid":{"rendered":"https:\/\/www.europesays.com\/pt\/61574\/"},"modified":"2025-09-06T23:43:06","modified_gmt":"2025-09-06T23:43:06","slug":"afonso-perde-a-paciencia-com-miranda-estas-apaixonada-apaixona-te-pela-parede-noticias-de-hoje","status":"publish","type":"post","link":"https:\/\/www.europesays.com\/pt\/61574\/","title":{"rendered":"Afonso perde a paci\u00eancia com Miranda: \u00abEst\u00e1s apaixonada, apaixona-te pela parede\u00bb &#8211; Not\u00edcias de hoje"},"content":{"rendered":"<p>No Especial do\u00a0<strong>Big Brother Ver\u00e3o<\/strong>, Nuno Eir\u00f3 recebe Susana, a tia de Afonso, Carlos, marido de Bruna, Liliana, amiga de Catarina Miranda e a nossa comentadora M\u00e1rcia Soares, amiga de J\u00e9ssica Vieira. M\u00e1rcia e Susana acabaram por ter um debate intenso, por causa do t\u00e9rmino da rela\u00e7\u00e3o dos dosi concorrentes. A tia do militar acusou J\u00e9ssica de ter falado do seu sobrinho no Dois \u00e0s 10.<\/p>\n","protected":false},"excerpt":{"rendered":"No Especial do\u00a0Big Brother Ver\u00e3o, Nuno Eir\u00f3 recebe Susana, a tia de Afonso, Carlos, marido de Bruna, Liliana,&hellip;\n","protected":false},"author":2,"featured_media":61575,"comment_status":"","ping_status":"","sticky":false,"template":"","format":"standard","meta":{"footnotes":""},"categories":[142],"tags":[2031,342,114,115,488,13,32,33,151],"class_list":{"0":"post-61574","1":"post","2":"type-post","3":"status-publish","4":"format-standard","5":"has-post-thumbnail","7":"category-tv","8":"tag-afonso-leitao","9":"tag-catarina-miranda","10":"tag-entertainment","11":"tag-entretenimento","12":"tag-iol","13":"tag-noticias","14":"tag-portugal","15":"tag-pt","16":"tag-tv"},"share_on_mastodon":{"url":"","error":""},"_links":{"self":[{"href":"https:\/\/www.europesays.com\/pt\/wp-json\/wp\/v2\/posts\/61574","targetHints":{"allow":["GET"]}}],"collection":[{"href":"https:\/\/www.europesays.com\/pt\/wp-json\/wp\/v2\/posts"}],"about":[{"href":"https:\/\/www.europesays.com\/pt\/wp-json\/wp\/v2\/types\/post"}],"author":[{"embeddable":true,"href":"https:\/\/www.europesays.com\/pt\/wp-json\/wp\/v2\/users\/2"}],"replies":[{"embeddable":true,"href":"https:\/\/www.europesays.com\/pt\/wp-json\/wp\/v2\/comments?post=61574"}],"version-history":[{"count":0,"href":"https:\/\/www.europesays.com\/pt\/wp-json\/wp\/v2\/posts\/61574\/revisions"}],"wp:featuredmedia":[{"embeddable":true,"href":"https:\/\/www.europesays.com\/pt\/wp-json\/wp\/v2\/media\/61575"}],"wp:attachment":[{"href":"https:\/\/www.europesays.com\/pt\/wp-json\/wp\/v2\/media?parent=61574"}],"wp:term":[{"taxonomy":"category","embeddable":true,"href":"https:\/\/www.europesays.com\/pt\/wp-json\/wp\/v2\/categories?post=61574"},{"taxonomy":"post_tag","embeddable":true,"href":"https:\/\/www.europesays.com\/pt\/wp-json\/wp\/v2\/tags?post=61574"}],"curies":[{"name":"wp","href":"https:\/\/api.w.org\/{rel}","templated":true}]}}