{"id":61911,"date":"2025-09-07T09:08:07","date_gmt":"2025-09-07T09:08:07","guid":{"rendered":"https:\/\/www.europesays.com\/pt\/61911\/"},"modified":"2025-09-07T09:08:07","modified_gmt":"2025-09-07T09:08:07","slug":"exclusivo-a-fazenda-talu-e-zuri-casam-veja-o-momento-novelas","status":"publish","type":"post","link":"https:\/\/www.europesays.com\/pt\/61911\/","title":{"rendered":"Exclusivo \u00abA Fazenda\u00bb: Talu e Zuri casam. Veja o momento &#8211; Novelas"},"content":{"rendered":"<p>Em \u00abA Fazenda\u00bb, <a href=\"https:\/\/tvi.iol.pt\/novelas\/videos\/a-fazenda-a-dificil-historia-de-vida-de-zuri\/6824bb120cf28cf88767feb9\" wbo-id=\"51\" rel=\"nofollow noopener\" target=\"_blank\">Zuri (Madalena Arag\u00e3o)<\/a>\u00a0pede desculpa a Ndandalunda pela teia de mentiras que criou para ficar com <a href=\"https:\/\/tvi.iol.pt\/novelas\/ator\/eva-borges-lacerda\/67348807d34e94b829075ef1\" target=\"_blank\" rel=\"nofollow noopener\"><strong data-end=\"548\" data-start=\"540\">Talu (Evandro Gomes)<\/strong><\/a>, pedindo-lhe que n\u00e3o a impe\u00e7a de ter filhos quando estiver verdadeiramente gr\u00e1vida dele. Recebe chamada de <a href=\"https:\/\/tvi.iol.pt\/novelas\/videos\/foi-assim-que-lukenia-soube-que-samuel-e-filho-de-gaspar\/6772bbdc0cf28c51602e4db1\" rel=\"nofollow noopener\" target=\"_blank\">Lukenia (Rita Cruz)<\/a>, assentindo ir j\u00e1 ter com ela.<\/p>\n<p><a href=\"https:\/\/tvi.iol.pt\/novelas\/videos\/para-ele-retirar-a-queixa-tu-prometeste-que-te-afastavas-de-mim\/67924a3a0cf216cd3ad316a6\" wbo-id=\"52\" rel=\"nofollow noopener\" target=\"_blank\">Gaspar (Nuno Lopes<\/a>) olha desiludido para Talu j\u00e1 vestido de noivo, dizendo que n\u00e3o era aquilo que idealizava para ele. Talu repisa ser um mal necess\u00e1rio at\u00e9 conseguir apanhar Lukenia em falso. Gaspar pensa desiludido em <a href=\"https:\/\/tvi.iol.pt\/novelas\/videos\/leonor-esta-fora-de-si-e-exige-a-alba-diz-me-onde-e-que-esta-a-eva-ou-eu-chamo-a-policia\/67d45e150cf216cd3ad3375c\" wbo-id=\"51\" rel=\"nofollow noopener\" target=\"_blank\">Leonor (Dalila Carmo)<\/a>. Vai ver o tempo, ficando ainda mais frustrado por as perspectivas serem de calor abrasador.<\/p>\n<p>A sala est\u00e1 preparada para o casamento, com Lukenia a cumprimentar majest\u00e1tica os convidados, tendo Talu e <a href=\"https:\/\/tvi.iol.pt\/novelas\/videos\/januario-e-detido-para-defender-talu\/674f12eb0cf2f130c2999b35\" rel=\"nofollow noopener\" target=\"_blank\">Janu\u00e1rio (Hoji Fortuna)<\/a>\u00a0a seu lado.<\/p>\n<p>Zuri entra e Not\u00e1ria d\u00e1 in\u00edcio \u00e0 cerim\u00f3nia, dizendo que em Angola a fam\u00edlia significa tudo para as pessoas, desejando-lhes boa sorte para aquele casamento. Talu beija Zuri, terno, mas claramente sem denotar qualquer centelha de paix\u00e3o por ela. Todos comem e bebem em ambiente descontra\u00eddo.<\/p>\n<p>De recordar que a gravidez de Zuri \u00e9 uma farsa:<\/p>\n","protected":false},"excerpt":{"rendered":"Em \u00abA Fazenda\u00bb, Zuri (Madalena Arag\u00e3o)\u00a0pede desculpa a Ndandalunda pela teia de mentiras que criou para ficar com&hellip;\n","protected":false},"author":2,"featured_media":61912,"comment_status":"","ping_status":"","sticky":false,"template":"","format":"standard","meta":{"footnotes":""},"categories":[85],"tags":[657,160,166,114,115,681,157,167,164,2379,680,161,158,165,159,32,33,156,2377,683,163,162,682],"class_list":{"0":"post-61911","1":"post","2":"type-post","3":"status-publish","4":"format-standard","5":"has-post-thumbnail","7":"category-entretenimento","8":"tag-a-fazenda","9":"tag-ana-guiomar","10":"tag-cristina-ferreira","11":"tag-entertainment","12":"tag-entretenimento","13":"tag-evandro-gomes","14":"tag-festa-e-festa","15":"tag-ficcao","16":"tag-jose-fidalgo","17":"tag-lukenia","18":"tag-madalena-aragao","19":"tag-novelas","20":"tag-para-sempre","21":"tag-pedro-sousa","22":"tag-pedro-teixeira","23":"tag-portugal","24":"tag-pt","25":"tag-queridos-papas","26":"tag-rita-cruz","27":"tag-talu","28":"tag-tiago-teotonio-pereira","29":"tag-tvi","30":"tag-zuri"},"share_on_mastodon":{"url":"","error":""},"_links":{"self":[{"href":"https:\/\/www.europesays.com\/pt\/wp-json\/wp\/v2\/posts\/61911","targetHints":{"allow":["GET"]}}],"collection":[{"href":"https:\/\/www.europesays.com\/pt\/wp-json\/wp\/v2\/posts"}],"about":[{"href":"https:\/\/www.europesays.com\/pt\/wp-json\/wp\/v2\/types\/post"}],"author":[{"embeddable":true,"href":"https:\/\/www.europesays.com\/pt\/wp-json\/wp\/v2\/users\/2"}],"replies":[{"embeddable":true,"href":"https:\/\/www.europesays.com\/pt\/wp-json\/wp\/v2\/comments?post=61911"}],"version-history":[{"count":0,"href":"https:\/\/www.europesays.com\/pt\/wp-json\/wp\/v2\/posts\/61911\/revisions"}],"wp:featuredmedia":[{"embeddable":true,"href":"https:\/\/www.europesays.com\/pt\/wp-json\/wp\/v2\/media\/61912"}],"wp:attachment":[{"href":"https:\/\/www.europesays.com\/pt\/wp-json\/wp\/v2\/media?parent=61911"}],"wp:term":[{"taxonomy":"category","embeddable":true,"href":"https:\/\/www.europesays.com\/pt\/wp-json\/wp\/v2\/categories?post=61911"},{"taxonomy":"post_tag","embeddable":true,"href":"https:\/\/www.europesays.com\/pt\/wp-json\/wp\/v2\/tags?post=61911"}],"curies":[{"name":"wp","href":"https:\/\/api.w.org\/{rel}","templated":true}]}}