{"id":61921,"date":"2025-09-07T09:16:28","date_gmt":"2025-09-07T09:16:28","guid":{"rendered":"https:\/\/www.europesays.com\/pt\/61921\/"},"modified":"2025-09-07T09:16:28","modified_gmt":"2025-09-07T09:16:28","slug":"onde-esta-a-poesia-chega-a-niteroi-em-setembro","status":"publish","type":"post","link":"https:\/\/www.europesays.com\/pt\/61921\/","title":{"rendered":"\u201cOnde est\u00e1 a Poesia?\u201d chega a Niter\u00f3i em setembro"},"content":{"rendered":"<p>No pr\u00f3ximo 13 de setembro, a Livraria Ponte, em Niter\u00f3i, recebe o lan\u00e7amento de Onde est\u00e1 a Poesia? (Editora Cambuc\u00e1, 2025), obra de Melina Galete que, embora escrita para crian\u00e7as, toca leitores de todas as idades. O livro fala sobre aus\u00eancia, amor e luto, tendo como protagonista uma gata chamada Poesia \u2014 met\u00e1fora para a busca e o vazio deixado pela partida de quem amamos.<\/p>\n<p>Inspirada na perda da filha Maria Clara, que faleceu aos 18 anos, Melina transforma sua experi\u00eancia em narrativa liter\u00e1ria. \u201cQuis dividir com os leitores o nosso vazio, meu e da Poesia. O livro tenta mostrar o que sente uma m\u00e3e ao voltar para casa ap\u00f3s sepultar a filha e o que sente um animal que n\u00e3o entende por que sua humana preferida n\u00e3o est\u00e1 mais aqui\u201d, afirma a autora.<\/p>\n<p><img fetchpriority=\"high\" decoding=\"async\" width=\"857\" height=\"1024\" src=\"https:\/\/www.europesays.com\/pt\/wp-content\/uploads\/2025\/09\/divulgacao-poesia-857x1024.jpg\" alt=\"\" class=\"wp-image-118719\"  \/><\/p>\n<p>A obra ganha for\u00e7a com as ilustra\u00e7\u00f5es de Jonathas Martins, que optou por paleta reduzida e tra\u00e7os mais simples para intensificar a conex\u00e3o entre texto e imagem. \u201cO texto me levou a um lugar de deslocamento. Percebi que era preciso deixar as imagens dialogarem com a dor e a delicadeza das palavras\u201d, conta o ilustrador.<\/p>\n<p><img loading=\"lazy\" decoding=\"async\" width=\"276\" height=\"332\" src=\"https:\/\/www.europesays.com\/pt\/wp-content\/uploads\/2025\/09\/livro2.bmp\" alt=\"\" class=\"wp-image-118718\"  \/><\/p>\n<p>Onde est\u00e1 a Poesia? n\u00e3o \u00e9 apenas um livro infantil: \u00e9 um convite \u00e0 reflex\u00e3o sobre como manter viva a mem\u00f3ria de quem partiu e sobre a poesia que resiste dentro de n\u00f3s.<\/p>\n<p>Servi\u00e7o \u2013 Lan\u00e7amento do livro \u201cOnde est\u00e1 a Poesia?\u201d<\/p>\n<p>Autora: Melina Galete<\/p>\n<p>Ilustra\u00e7\u00f5es: Jonathas Martins<\/p>\n<p>Data: 13 de setembro de 2025<\/p>\n<p>Hor\u00e1rio: 15h<\/p>\n<p>Local: Livraria Ponte<\/p>\n<p>Endere\u00e7o: Rua Tiradentes, 128 \u2013 2\u00ba andar \u2013 Ing\u00e1, Niter\u00f3i (RJ)<\/p>\n","protected":false},"excerpt":{"rendered":"No pr\u00f3ximo 13 de setembro, a Livraria Ponte, em Niter\u00f3i, recebe o lan\u00e7amento de Onde est\u00e1 a Poesia?&hellip;\n","protected":false},"author":2,"featured_media":61922,"comment_status":"","ping_status":"","sticky":false,"template":"","format":"standard","meta":{"footnotes":""},"categories":[143],"tags":[169,114,115,170,17279,6109,32,33],"class_list":{"0":"post-61921","1":"post","2":"type-post","3":"status-publish","4":"format-standard","5":"has-post-thumbnail","7":"category-livros","8":"tag-books","9":"tag-entertainment","10":"tag-entretenimento","11":"tag-livros","12":"tag-niteroi","13":"tag-poesia","14":"tag-portugal","15":"tag-pt"},"share_on_mastodon":{"url":"","error":""},"_links":{"self":[{"href":"https:\/\/www.europesays.com\/pt\/wp-json\/wp\/v2\/posts\/61921","targetHints":{"allow":["GET"]}}],"collection":[{"href":"https:\/\/www.europesays.com\/pt\/wp-json\/wp\/v2\/posts"}],"about":[{"href":"https:\/\/www.europesays.com\/pt\/wp-json\/wp\/v2\/types\/post"}],"author":[{"embeddable":true,"href":"https:\/\/www.europesays.com\/pt\/wp-json\/wp\/v2\/users\/2"}],"replies":[{"embeddable":true,"href":"https:\/\/www.europesays.com\/pt\/wp-json\/wp\/v2\/comments?post=61921"}],"version-history":[{"count":0,"href":"https:\/\/www.europesays.com\/pt\/wp-json\/wp\/v2\/posts\/61921\/revisions"}],"wp:featuredmedia":[{"embeddable":true,"href":"https:\/\/www.europesays.com\/pt\/wp-json\/wp\/v2\/media\/61922"}],"wp:attachment":[{"href":"https:\/\/www.europesays.com\/pt\/wp-json\/wp\/v2\/media?parent=61921"}],"wp:term":[{"taxonomy":"category","embeddable":true,"href":"https:\/\/www.europesays.com\/pt\/wp-json\/wp\/v2\/categories?post=61921"},{"taxonomy":"post_tag","embeddable":true,"href":"https:\/\/www.europesays.com\/pt\/wp-json\/wp\/v2\/tags?post=61921"}],"curies":[{"name":"wp","href":"https:\/\/api.w.org\/{rel}","templated":true}]}}