{"id":61947,"date":"2025-09-07T10:00:09","date_gmt":"2025-09-07T10:00:09","guid":{"rendered":"https:\/\/www.europesays.com\/pt\/61947\/"},"modified":"2025-09-07T10:00:09","modified_gmt":"2025-09-07T10:00:09","slug":"treinador-do-galatasaray-revela-preco-pedido-pelo-fc-porto-por-diogo-costa-e-comenta-saida-de-jose-mourinho-ele-queria-sair","status":"publish","type":"post","link":"https:\/\/www.europesays.com\/pt\/61947\/","title":{"rendered":"Treinador do Galatasaray revela pre\u00e7o pedido pelo FC Porto por Diogo Costa e comenta sa\u00edda de Jos\u00e9 Mourinho: \u00abEle queria sair\u00bb"},"content":{"rendered":"<p>Okan Buruk revelou que o FC Porto pediu 45 milh\u00f5es de euros por Diogo Costa. O treinador do Galatasaray confirmou o interesse no guarda-redes dos azuis e brancos e explicou o porqu\u00ea de o clube <a href=\"https:\/\/bolanarede.pt\/especial-bola-na-rede\/atualidade\/galatasaray-oficializa-contratacao-de-ugurcan-cakir-por-275-milhoes-de-euros\/\" target=\"_blank\" rel=\"noreferrer noopener nofollow\">ter contratado Ugurcan \u00c7akir<\/a> para a baliza:<\/p>\n<p>\u00abDonnarumma poderia ter ficado sem clube. Pediram 45 milh\u00f5es de euros por Diogo Costa. Lammens estava na nossa agenda. Martinez estava dispon\u00edvel. Escolhemos um guarda-redes importante entre 5-6 guarda-redes. A maior vantagem de Ugurcan \u00c7akir [guarda-redes contratado] \u00e9 que ele \u00e9 um guarda-redes capaz de lidar com qualquer tipo de press\u00e3o com muita facilidade\u00bb, afirmou Okan Buruk ao canal NowSpor.<\/p>\n<p>O treinador do Galatasaray, que<a href=\"https:\/\/bolanarede.pt\/especial-bola-na-rede\/atualidade\/criticas-a-arbitragem-e-palavroes-conhecida-a-sequencia-que-levou-jose-mourinho-a-apertar-o-nariz-de-okan-buruk\/\" target=\"_blank\" rel=\"noreferrer noopener nofollow\"> teve uma rela\u00e7\u00e3o atribulada com Jos\u00e9 Mourinho<\/a>, falou tamb\u00e9m da sa\u00edda do t\u00e9cnico portugu\u00eas do Fenerbah\u00e7e:<\/p>\n<p>\u00abAo ver as declara\u00e7\u00f5es de Mourinho [confer\u00eancia de imprensa no Est\u00e1dio da Luz], percebe-se que ele queria sair. Ele queria sair. Por isso, n\u00e3o foi uma grande surpresa. Depois dessas declara\u00e7\u00f5es, seria uma surpresa para mim se ele ficasse\u00bb.<\/p>\n<blockquote class=\"twitter-tweet\" data-width=\"550\" data-dnt=\"true\">\n<p lang=\"tr\" dir=\"ltr\">Okan Buruk: Donnarumma bo\u015fta kalabilirdi. Diogo Costa i\u00e7in 45 milyon euro istediler. Lammens g\u00fcndemimizdeydi. Martinez vard\u0131. 5-6 tane kaleci aras\u0131ndan \u00f6nemli bir kaleci se\u00e7tik. U\u011furcan&#8217;\u0131n en b\u00fcy\u00fck avantaj\u0131, \u00e7ok rahat bir \u015fekilde her t\u00fcrl\u00fc bask\u0131y\u0131 kald\u0131rabilecek bir kaleci. <a href=\"https:\/\/t.co\/TQe6LRnC8K\" rel=\"nofollow\">pic.twitter.com\/TQe6LRnC8K<\/a><\/p>\n<p>\u2014 Sports Digitale (@SportsDigitale) <a href=\"https:\/\/twitter.com\/SportsDigitale\/status\/1964433749334216935?ref_src=twsrc%5Etfw\" rel=\"nofollow noopener\" target=\"_blank\">September 6, 2025<\/a><\/p><\/blockquote>\n<p><script async src=\"https:\/\/platform.twitter.com\/widgets.js\" charset=\"utf-8\"><\/script><\/p>\n","protected":false},"excerpt":{"rendered":"Okan Buruk revelou que o FC Porto pediu 45 milh\u00f5es de euros por Diogo Costa. O treinador do&hellip;\n","protected":false},"author":2,"featured_media":61948,"comment_status":"","ping_status":"","sticky":false,"template":"","format":"standard","meta":{"footnotes":""},"categories":[87],"tags":[260,135,478,1380,1399,1385,1401,17282,32,33,134],"class_list":{"0":"post-61947","1":"post","2":"type-post","3":"status-publish","4":"format-standard","5":"has-post-thumbnail","7":"category-desporto","8":"tag-atualidade","9":"tag-desporto","10":"tag-destaques-bnr","11":"tag-diogo-costa","12":"tag-galatasaray","13":"tag-jose-mourinho","14":"tag-liga-turca","15":"tag-okan-buruk","16":"tag-portugal","17":"tag-pt","18":"tag-sports"},"share_on_mastodon":{"url":"","error":""},"_links":{"self":[{"href":"https:\/\/www.europesays.com\/pt\/wp-json\/wp\/v2\/posts\/61947","targetHints":{"allow":["GET"]}}],"collection":[{"href":"https:\/\/www.europesays.com\/pt\/wp-json\/wp\/v2\/posts"}],"about":[{"href":"https:\/\/www.europesays.com\/pt\/wp-json\/wp\/v2\/types\/post"}],"author":[{"embeddable":true,"href":"https:\/\/www.europesays.com\/pt\/wp-json\/wp\/v2\/users\/2"}],"replies":[{"embeddable":true,"href":"https:\/\/www.europesays.com\/pt\/wp-json\/wp\/v2\/comments?post=61947"}],"version-history":[{"count":0,"href":"https:\/\/www.europesays.com\/pt\/wp-json\/wp\/v2\/posts\/61947\/revisions"}],"wp:featuredmedia":[{"embeddable":true,"href":"https:\/\/www.europesays.com\/pt\/wp-json\/wp\/v2\/media\/61948"}],"wp:attachment":[{"href":"https:\/\/www.europesays.com\/pt\/wp-json\/wp\/v2\/media?parent=61947"}],"wp:term":[{"taxonomy":"category","embeddable":true,"href":"https:\/\/www.europesays.com\/pt\/wp-json\/wp\/v2\/categories?post=61947"},{"taxonomy":"post_tag","embeddable":true,"href":"https:\/\/www.europesays.com\/pt\/wp-json\/wp\/v2\/tags?post=61947"}],"curies":[{"name":"wp","href":"https:\/\/api.w.org\/{rel}","templated":true}]}}