{"id":61949,"date":"2025-09-07T10:01:12","date_gmt":"2025-09-07T10:01:12","guid":{"rendered":"https:\/\/www.europesays.com\/pt\/61949\/"},"modified":"2025-09-07T10:01:12","modified_gmt":"2025-09-07T10:01:12","slug":"gdf-promove-mutirao-e-retira-88-toneladas-de-entulho-no-lago-norte-e-itapoa-politica-distrital-agora-e-pdnews-noticias-sobre-politica-e-saude-do-df","status":"publish","type":"post","link":"https:\/\/www.europesays.com\/pt\/61949\/","title":{"rendered":"GDF promove mutir\u00e3o e retira 88 toneladas de entulho no Lago Norte e Itapo\u00e3 \u2014 Pol\u00edtica Distrital agora \u00e9 PDNews, not\u00edcias sobre Pol\u00edtica e Sa\u00fade do DF"},"content":{"rendered":"<p><b>Por Kleber Karpov<\/b><\/p>\n<p>Governo do Distrito Federal (GDF) realizou, nesta semana, um mutir\u00e3o de recolhimento de entulhos no Lago Norte e no Itapo\u00e3, retirando um total de 88 toneladas de materiais inserv\u00edveis. A iniciativa, coordenada pelo programa GDF Presente em parceria com as administra\u00e7\u00f5es regionais, tem como objetivo principal combater a dengue, eliminando potenciais criadouros do mosquito Aedes aegypti antes da chegada das chuvas.<\/p>\n<p>No Lago Norte, uma equipe de oito profissionais recolheu 60 toneladas de entulho. J\u00e1 no Itapo\u00e3, a a\u00e7\u00e3o envolveu 15 pessoas e resultou na remo\u00e7\u00e3o de 28 toneladas de materiais. O coordenador do GDF Presente Polo Leste, Junior Carvalho, destacou que a opera\u00e7\u00e3o faz parte de uma estrat\u00e9gia cont\u00ednua. \u201cEsse combate \u00e0 dengue que n\u00f3s estamos fazendo de forma coordenada em todo o Distrito Federal \u00e9 um trabalho preventivo que vem acontecendo j\u00e1 desde o ano passado e n\u00f3s demos continuidade agora\u201d, afirmou.<\/p>\n<p><img loading=\"lazy\" decoding=\"async\" class=\"size-full wp-image-148704\" src=\"https:\/\/www.europesays.com\/pt\/wp-content\/uploads\/2025\/09\/LagoSul.jpg\" alt=\"\" width=\"1000\" height=\"563\"  \/>A\u00e7\u00f5es de combate \u00e0 dengue recolheram 88 toneladas de materiais inserv\u00edveis do Lago Norte e do Itapo\u00e3 | Foto: Divulga\u00e7\u00e3o\/GDF Presente<\/p>\n<p>A a\u00e7\u00e3o \u00e9 planejada com base em dados t\u00e9cnicos, como explicou o administrador regional do Itapo\u00e3, Dilson Bulh\u00f5es. \u201cN\u00f3s tivemos uma reuni\u00e3o com a Vigil\u00e2ncia Ambiental, que tem feito pesquisas para ver onde est\u00e3o as larvas do mosquito da dengue. E eles passam essas localidades para que a administra\u00e7\u00e3o, juntamente com a Vigil\u00e2ncia Ambiental e o GDF Presente, possa fazer a\u00e7\u00f5es recolhendo esses inserv\u00edveis para que, quando as chuvas chegarem, n\u00e3o tenhamos problema com a doen\u00e7a\u201d, apontou.<\/p>\n<p>For\u00e7a-tarefa cont\u00ednua<\/p>\n<p>Os mutir\u00f5es de limpeza s\u00e3o uma das frentes de uma for\u00e7a-tarefa composta por 11 \u00f3rg\u00e3os do GDF, institu\u00edda em janeiro de 2024 para coordenar as iniciativas de preven\u00e7\u00e3o e controle da dengue em todo o Distrito Federal. As estrat\u00e9gias t\u00eam apresentado resultados positivos, com uma redu\u00e7\u00e3o de aproximadamente 97% nos casos prov\u00e1veis da doen\u00e7a entre janeiro e maio deste ano, em compara\u00e7\u00e3o com o mesmo per\u00edodo de 2024.<\/p>\n<p><img loading=\"lazy\" decoding=\"async\" class=\"alignleft wp-image-35635 size-thumbnail\" src=\"https:\/\/www.europesays.com\/pt\/wp-content\/uploads\/2025\/09\/Kleber-Karpov-150x150.jpg\"   alt=\"\" width=\"150\" height=\"150\"\/><strong>Kleber Karpov, <\/strong>Fenaj: 10379-DF \u2013 IFJ: BR17894&#13;<br \/>\nMestrando em Comunica\u00e7\u00e3o Pol\u00edtica (Universidade Cat\u00f3lica Portuguesa\/Lisboa, Portugal); P\u00f3s-Graduando em MBA Executivo em Neuromarketing (Unyleya); P\u00f3s-Graduado em Auditoria e Gest\u00e3o de Servi\u00e7os de Sa\u00fade (Unicesp); Extens\u00e3o em Ci\u00eancias Pol\u00edticas por Veduca\/ Universidade de S\u00e3o Paulo (USP);Ex-secret\u00e1rio Municipal de Comunica\u00e7\u00e3o de Santo Ant\u00f4nio do Descoberto(GO); Foi assessor de imprensa no Senado Federal, C\u00e2mara Federal e na C\u00e2mara Legislativa do Distrito Federal.&#13;<\/p>\n","protected":false},"excerpt":{"rendered":"Por Kleber Karpov Governo do Distrito Federal (GDF) realizou, nesta semana, um mutir\u00e3o de recolhimento de entulhos no&hellip;\n","protected":false},"author":2,"featured_media":61950,"comment_status":"","ping_status":"","sticky":false,"template":"","format":"standard","meta":{"footnotes":""},"categories":[86],"tags":[116,32,33,117],"class_list":{"0":"post-61949","1":"post","2":"type-post","3":"status-publish","4":"format-standard","5":"has-post-thumbnail","7":"category-saude","8":"tag-health","9":"tag-portugal","10":"tag-pt","11":"tag-saude"},"share_on_mastodon":{"url":"","error":""},"_links":{"self":[{"href":"https:\/\/www.europesays.com\/pt\/wp-json\/wp\/v2\/posts\/61949","targetHints":{"allow":["GET"]}}],"collection":[{"href":"https:\/\/www.europesays.com\/pt\/wp-json\/wp\/v2\/posts"}],"about":[{"href":"https:\/\/www.europesays.com\/pt\/wp-json\/wp\/v2\/types\/post"}],"author":[{"embeddable":true,"href":"https:\/\/www.europesays.com\/pt\/wp-json\/wp\/v2\/users\/2"}],"replies":[{"embeddable":true,"href":"https:\/\/www.europesays.com\/pt\/wp-json\/wp\/v2\/comments?post=61949"}],"version-history":[{"count":0,"href":"https:\/\/www.europesays.com\/pt\/wp-json\/wp\/v2\/posts\/61949\/revisions"}],"wp:featuredmedia":[{"embeddable":true,"href":"https:\/\/www.europesays.com\/pt\/wp-json\/wp\/v2\/media\/61950"}],"wp:attachment":[{"href":"https:\/\/www.europesays.com\/pt\/wp-json\/wp\/v2\/media?parent=61949"}],"wp:term":[{"taxonomy":"category","embeddable":true,"href":"https:\/\/www.europesays.com\/pt\/wp-json\/wp\/v2\/categories?post=61949"},{"taxonomy":"post_tag","embeddable":true,"href":"https:\/\/www.europesays.com\/pt\/wp-json\/wp\/v2\/tags?post=61949"}],"curies":[{"name":"wp","href":"https:\/\/api.w.org\/{rel}","templated":true}]}}