{"id":61953,"date":"2025-09-07T10:08:44","date_gmt":"2025-09-07T10:08:44","guid":{"rendered":"https:\/\/www.europesays.com\/pt\/61953\/"},"modified":"2025-09-07T10:08:44","modified_gmt":"2025-09-07T10:08:44","slug":"lembra-dela-bruna-surfistinha-revela-vicio-em-drogas","status":"publish","type":"post","link":"https:\/\/www.europesays.com\/pt\/61953\/","title":{"rendered":"Lembra dela? Bruna Surfistinha revela v\u00edcio em drogas"},"content":{"rendered":"<p>Raquel Pacheco, mais conhecida nacional como Bruna Surfistinha, ficou famosa nos anos 2000, gra\u00e7as ao blog em que retratava suas experi\u00eancias como prostituta e atriz porn\u00f4. O blog inspirou o livro de sucesso \u201cO Doce Veneno do Escorpi\u00e3o\u201d e depois o filme de 2011 \u201cBruna Surfistinha\u201d, estrelando Deborah Secco. <\/p>\n<p>Durante a \u00e9poca em que trabalhou como prostituta, Bruna acabou se viciando em drogas. Em desabafo nas redes sociais, ela relembrou o per\u00edodo mais dif\u00edcil e da sua vida e como uma amiga foi essencial para ela conseguir se recuperar. \u201cQuando eu ca\u00ed no fundo do po\u00e7o por causa da coca\u00edna, ela foi a \u00fanica pessoa que n\u00e3o saiu de perto de mim, que n\u00e3o largou minha m\u00e3o\u201d, relembrou.<\/p>\n<p>A jovem tamb\u00e9m era prostituta, mas saiu bem antes de Bruna e passou a trabalhar como secret\u00e1ria dela, mas decidiu se afastar quando a escritora come\u00e7ou a ficar conhecida nacionalmente. O motivo \u00e9 que os pais da jovem n\u00e3o sabiam do seu trabalho.<\/p>\n<p>Vida de Bruna Surfistinha vai ganhar mais um filme<\/p>\n<p>Mais de dez anos depois do filme de 2011, Deborah Secco vai retomar o papel em uma continua\u00e7\u00e3o, que come\u00e7a a ser filmado este ano, entre novembro e dezembro, de acordo com o jornal Extra. O longa promete explorar mais eventos complexos que aconteceram na vida de Raquel, como a maternidade, aborto e a agress\u00e3o que sofreu do ex-marido, o ator e artista pl\u00e1stico Xico Santos.<\/p>\n<p>\u201cN\u00e3o via a hora de contar para voc\u00eas que um dos personagens mais importantes da minha trajet\u00f3ria est\u00e1 de volta. \u00c9 isso mesmo\u2026 Bruna Surfistinha est\u00e1 prestes a voltar para as telonas\u201d, revelou Deborah Secco em an\u00fancio nas redes sociais. <\/p>\n<blockquote class=\"instagram-media\" data-instgrm-captioned=\"\" data-instgrm-permalink=\"https:\/\/www.instagram.com\/reel\/C-GfJy1yfDo\/?utm_source=ig_embed&amp;utm_campaign=loading\" data-instgrm-version=\"14\" style=\"background:#FFF;border:0;border-radius:3px;margin: 1px;max-width:540px;min-width:326px;padding:0;width:99.375%;width:-webkit-calc(100% - 2px);width:calc(100% - 2px)\"\/>\n<p>\t\t\t\t\t\t\t\t\t\t\t\t\t\t\t<script async src=\"\/\/www.instagram.com\/embed.js\"><\/script><\/p>\n","protected":false},"excerpt":{"rendered":"Raquel Pacheco, mais conhecida nacional como Bruna Surfistinha, ficou famosa nos anos 2000, gra\u00e7as ao blog em que&hellip;\n","protected":false},"author":2,"featured_media":61954,"comment_status":"","ping_status":"","sticky":false,"template":"","format":"standard","meta":{"footnotes":""},"categories":[145],"tags":[211,210,114,115,32,33],"class_list":{"0":"post-61953","1":"post","2":"type-post","3":"status-publish","4":"format-standard","5":"has-post-thumbnail","7":"category-celebridades","8":"tag-celebridades","9":"tag-celebrities","10":"tag-entertainment","11":"tag-entretenimento","12":"tag-portugal","13":"tag-pt"},"share_on_mastodon":{"url":"","error":""},"_links":{"self":[{"href":"https:\/\/www.europesays.com\/pt\/wp-json\/wp\/v2\/posts\/61953","targetHints":{"allow":["GET"]}}],"collection":[{"href":"https:\/\/www.europesays.com\/pt\/wp-json\/wp\/v2\/posts"}],"about":[{"href":"https:\/\/www.europesays.com\/pt\/wp-json\/wp\/v2\/types\/post"}],"author":[{"embeddable":true,"href":"https:\/\/www.europesays.com\/pt\/wp-json\/wp\/v2\/users\/2"}],"replies":[{"embeddable":true,"href":"https:\/\/www.europesays.com\/pt\/wp-json\/wp\/v2\/comments?post=61953"}],"version-history":[{"count":0,"href":"https:\/\/www.europesays.com\/pt\/wp-json\/wp\/v2\/posts\/61953\/revisions"}],"wp:featuredmedia":[{"embeddable":true,"href":"https:\/\/www.europesays.com\/pt\/wp-json\/wp\/v2\/media\/61954"}],"wp:attachment":[{"href":"https:\/\/www.europesays.com\/pt\/wp-json\/wp\/v2\/media?parent=61953"}],"wp:term":[{"taxonomy":"category","embeddable":true,"href":"https:\/\/www.europesays.com\/pt\/wp-json\/wp\/v2\/categories?post=61953"},{"taxonomy":"post_tag","embeddable":true,"href":"https:\/\/www.europesays.com\/pt\/wp-json\/wp\/v2\/tags?post=61953"}],"curies":[{"name":"wp","href":"https:\/\/api.w.org\/{rel}","templated":true}]}}