{"id":61959,"date":"2025-09-07T10:14:09","date_gmt":"2025-09-07T10:14:09","guid":{"rendered":"https:\/\/www.europesays.com\/pt\/61959\/"},"modified":"2025-09-07T10:14:09","modified_gmt":"2025-09-07T10:14:09","slug":"e-depois-de-roger-passadeira-estende-se-a-sandro-vidigal-sp-braga","status":"publish","type":"post","link":"https:\/\/www.europesays.com\/pt\/61959\/","title":{"rendered":"E depois de Roger? Passadeira estende-se a Sandro Vidigal &#8211; Sp. Braga"},"content":{"rendered":"<p>                    07:09<\/p>\n<p>Sem ter conseguido precaver sa\u00edda do jovem extremo no mercado de ver\u00e3o, jovem promessa vai ter mais protagonismo<\/p>\n<p class=\"\">&#13;<br \/>\n        A sa\u00edda de Roger<br \/>\nFernandes para o Al Ittihad, que rende 32 milh\u00f5es de euros de montante fixo e<br \/>\nposs\u00edveis 2,5 M\u20ac por objetivos, deixa uma vaga no plantel de Carlos Vicens que<br \/>\nn\u00e3o foi preenchida antes do fecho do mercado. O futuro do Sp. Braga sem Roger<br \/>\nser\u00e1 desenhado pelas solu\u00e7\u00f5es j\u00e1 existentes no plantel e, nesse contexto, o plano<br \/>\npassa por dar mais protagonismo a Sandro Vidigal.&#13;\n    <\/p>\n<p>                        Para ler TODOS OS ARTIGOS RECORD PREMIUM durante o dia 07.09.2025 insira o seu n\u00famero de telem\u00f3vel e clique em OK<\/p>\n<p>Consulte a aplica\u00e7\u00e3o MBway no seu telem\u00f3vel e aceite a transa\u00e7\u00e3o&#13;\n                    <\/p>\n<p>                        Os seus dados n\u00e3o ser\u00e3o guardados pelo Record<\/p>\n<p>                    Por Andr\u00e9 Gon\u00e7alves<\/p>\n","protected":false},"excerpt":{"rendered":"07:09 Sem ter conseguido precaver sa\u00edda do jovem extremo no mercado de ver\u00e3o, jovem promessa vai ter mais&hellip;\n","protected":false},"author":2,"featured_media":61960,"comment_status":"","ping_status":"","sticky":false,"template":"","format":"standard","meta":{"footnotes":""},"categories":[87],"tags":[135,32,33,134],"class_list":{"0":"post-61959","1":"post","2":"type-post","3":"status-publish","4":"format-standard","5":"has-post-thumbnail","7":"category-desporto","8":"tag-desporto","9":"tag-portugal","10":"tag-pt","11":"tag-sports"},"share_on_mastodon":{"url":"","error":""},"_links":{"self":[{"href":"https:\/\/www.europesays.com\/pt\/wp-json\/wp\/v2\/posts\/61959","targetHints":{"allow":["GET"]}}],"collection":[{"href":"https:\/\/www.europesays.com\/pt\/wp-json\/wp\/v2\/posts"}],"about":[{"href":"https:\/\/www.europesays.com\/pt\/wp-json\/wp\/v2\/types\/post"}],"author":[{"embeddable":true,"href":"https:\/\/www.europesays.com\/pt\/wp-json\/wp\/v2\/users\/2"}],"replies":[{"embeddable":true,"href":"https:\/\/www.europesays.com\/pt\/wp-json\/wp\/v2\/comments?post=61959"}],"version-history":[{"count":0,"href":"https:\/\/www.europesays.com\/pt\/wp-json\/wp\/v2\/posts\/61959\/revisions"}],"wp:featuredmedia":[{"embeddable":true,"href":"https:\/\/www.europesays.com\/pt\/wp-json\/wp\/v2\/media\/61960"}],"wp:attachment":[{"href":"https:\/\/www.europesays.com\/pt\/wp-json\/wp\/v2\/media?parent=61959"}],"wp:term":[{"taxonomy":"category","embeddable":true,"href":"https:\/\/www.europesays.com\/pt\/wp-json\/wp\/v2\/categories?post=61959"},{"taxonomy":"post_tag","embeddable":true,"href":"https:\/\/www.europesays.com\/pt\/wp-json\/wp\/v2\/tags?post=61959"}],"curies":[{"name":"wp","href":"https:\/\/api.w.org\/{rel}","templated":true}]}}