{"id":61970,"date":"2025-09-07T10:22:43","date_gmt":"2025-09-07T10:22:43","guid":{"rendered":"https:\/\/www.europesays.com\/pt\/61970\/"},"modified":"2025-09-07T10:22:43","modified_gmt":"2025-09-07T10:22:43","slug":"mano-brown-pede-desculpas-por-se-referir-a-atriz-como-%c2%91mulata%c2%92","status":"publish","type":"post","link":"https:\/\/www.europesays.com\/pt\/61970\/","title":{"rendered":"Mano Brown pede desculpas por se referir a atriz como \u0091mulata\u0092"},"content":{"rendered":"<p>Mano Brown, 55 anos, utilizou as redes sociais, nesta sexta-feira, 5, para se retratar com Camila Pitanga, 48, e o pai dela, o tamb\u00e9m ator Ant\u00f4nio Pitanga, 86, por conta de uma declara\u00e7\u00e3o feita por ele quando recebeu os dois artistas em seu podcast, \u201cMano a Mano\u201d, publicado pelo YouTube.<\/p>\n<p>\u00a0<\/p>\n<p>Durante o bate-papo, o cantor se referiu \u00e0 atriz como \u201cmulata\u201d, e logo foi corrigido por ela sobre o termo devido para indicar sua ra\u00e7a, afirmando sua identidade como mulher negra.<\/p>\n<p>\u00a0<\/p>\n<p>Na ocasi\u00e3o, o epis\u00f3dio repercutiu nas redes sociais e o rapper foi alvo de cr\u00edticas.<\/p>\n<p>\u00a0<\/p>\n<p>Atrav\u00e9s dos Stories do Instagram, Mano Brown publicou um texto se desculpando com a fam\u00edlia Pitanga.<\/p>\n<p>\u00a0<\/p>\n<p>\u201cQuero registrar um sincero pedido de desculpas \u00e0 fam\u00edlia Pitanga, em especial a Ant\u00f4nio e Camila, nossos convidados, pelos transtornos causados pela repercuss\u00e3o do epis\u00f3dio\u201d, come\u00e7ou ele.<\/p>\n<p>\u00a0<\/p>\n<p>\u201cSabemos que a condu\u00e7\u00e3o do tema e a forma como o epis\u00f3dio foi divulgado s\u00e3o de total responsabilidade nossa. Refor\u00e7o que os convidados tiveram uma excelente participa\u00e7\u00e3o, contribuindo com respeito, sabedoria e generosidade para o debate\u201d, concluiu ele.<\/p>\n<p>\u00a0<\/p>\n<p><strong>Fonte: <a href=\"https:\/\/istoe.com.br\/mano-brown-pede-desculpas-por-se-referir-a-camila-pitanga-como-mulata\" target=\"_blank\" rel=\"noopener noreferrer nofollow\">https:\/\/istoe.com.br\/mano-brown-pede-desculpas-por-se-referir-a-camila-pitanga-como-mulata<\/a><\/strong><\/p>\n","protected":false},"excerpt":{"rendered":"Mano Brown, 55 anos, utilizou as redes sociais, nesta sexta-feira, 5, para se retratar com Camila Pitanga, 48,&hellip;\n","protected":false},"author":2,"featured_media":61971,"comment_status":"","ping_status":"","sticky":false,"template":"","format":"standard","meta":{"footnotes":""},"categories":[145],"tags":[211,210,114,115,3724,3723,32,33,3725],"class_list":{"0":"post-61970","1":"post","2":"type-post","3":"status-publish","4":"format-standard","5":"has-post-thumbnail","7":"category-celebridades","8":"tag-celebridades","9":"tag-celebrities","10":"tag-entertainment","11":"tag-entretenimento","12":"tag-noticias-da-capital","13":"tag-noticias-de-cuiaba","14":"tag-portugal","15":"tag-pt","16":"tag-urgente-cuiaba"},"share_on_mastodon":{"url":"","error":""},"_links":{"self":[{"href":"https:\/\/www.europesays.com\/pt\/wp-json\/wp\/v2\/posts\/61970","targetHints":{"allow":["GET"]}}],"collection":[{"href":"https:\/\/www.europesays.com\/pt\/wp-json\/wp\/v2\/posts"}],"about":[{"href":"https:\/\/www.europesays.com\/pt\/wp-json\/wp\/v2\/types\/post"}],"author":[{"embeddable":true,"href":"https:\/\/www.europesays.com\/pt\/wp-json\/wp\/v2\/users\/2"}],"replies":[{"embeddable":true,"href":"https:\/\/www.europesays.com\/pt\/wp-json\/wp\/v2\/comments?post=61970"}],"version-history":[{"count":0,"href":"https:\/\/www.europesays.com\/pt\/wp-json\/wp\/v2\/posts\/61970\/revisions"}],"wp:featuredmedia":[{"embeddable":true,"href":"https:\/\/www.europesays.com\/pt\/wp-json\/wp\/v2\/media\/61971"}],"wp:attachment":[{"href":"https:\/\/www.europesays.com\/pt\/wp-json\/wp\/v2\/media?parent=61970"}],"wp:term":[{"taxonomy":"category","embeddable":true,"href":"https:\/\/www.europesays.com\/pt\/wp-json\/wp\/v2\/categories?post=61970"},{"taxonomy":"post_tag","embeddable":true,"href":"https:\/\/www.europesays.com\/pt\/wp-json\/wp\/v2\/tags?post=61970"}],"curies":[{"name":"wp","href":"https:\/\/api.w.org\/{rel}","templated":true}]}}