{"id":61984,"date":"2025-09-07T10:39:10","date_gmt":"2025-09-07T10:39:10","guid":{"rendered":"https:\/\/www.europesays.com\/pt\/61984\/"},"modified":"2025-09-07T10:39:10","modified_gmt":"2025-09-07T10:39:10","slug":"exclusivo-a-fazenda-descontrolada-eva-bate-em-joel-e-em-alba-novelas","status":"publish","type":"post","link":"https:\/\/www.europesays.com\/pt\/61984\/","title":{"rendered":"Exclusivo \u00abA Fazenda\u00bb: Descontrolada, Eva bate em Joel e em Alba &#8211; Novelas"},"content":{"rendered":"<p>Em \u00abA Fazenda\u00bb, <a href=\"https:\/\/tvi.iol.pt\/novelas\/videos\/joel-declara-se-a-eva-nunca-quis-atravessar-me-entre-ti-e-o-talu\/676ac3630cf2f130c299a685\" rel=\"nofollow noopener\" target=\"_blank\">Joel (Jo\u00e3o Jesus)<\/a>\u00a0pede desculpa a <strong><a href=\"https:\/\/tvi.iol.pt\/novelas\/videos\/eva-e-joel-beijam-se-apaixonadamente\/6776a2000cf23e044af75c9b\" rel=\"nofollow noopener\" target=\"_blank\">Eva (Margarida Corceiro)<\/a>\u00a0<\/strong>por a ter beijado, com Eva a vincar n\u00e3o haver futuro para eles por achar que ele est\u00e1 sempre a aproveitar os problemas dela para se tentar aproximar. Joel irrita-se e diz a Eva que \u00e9 ela que o usa sempre que precisa para depois ir ter com <a href=\"https:\/\/tvi.iol.pt\/novelas\/ator\/eva-borges-lacerda\/67348807d34e94b829075ef1\" target=\"_blank\" rel=\"nofollow noopener\"><strong data-end=\"548\" data-start=\"540\">Talu (Evandro Gomes)<\/strong><\/a>. Eva d\u00e1-lhe um estalo, furiosa.<\/p>\n<p>Eva n\u00e3o consegue evitar pensar abalada que hoje vai perder Talu para sempre. <a href=\"https:\/\/tvi.iol.pt\/novelas\/ator\/alba-meireles\/67348fd7d34e94b829075f7d\" target=\"_blank\" rel=\"nofollow noopener\">Alba (S\u00e3o Jos\u00e9 Correia)<\/a>vem provocar Eva a dizer-lhe cruel que ela deve estar a sofrer por hoje Talu ir casar-se com outra.<\/p>\n<p>Eva diz-lhe furiosa que tudo aquilo est\u00e1 a acontecer pelo mal que Duarte fez a J\u00falia, com Alba a dizer duvidar que isso seja verdade. Eva d\u00e1 uma estalada a Alba, com <a href=\"https:\/\/tvi.iol.pt\/novelas\/videos\/o-reenconto-emocionante-de-mafalda-e-eduardo\/677e95eb0cf23ab655363994\" rel=\"nofollow noopener\" target=\"_blank\">Mafalda (In\u00eas Aguiar)<\/a>\u00a0e <a href=\"https:\/\/tvi.iol.pt\/novelas\/videos\/gustavo-anuncia-decisao-drastica-de-mafalda-nao-quer-trabalhar-mais-aqui\/677fd0870cf23ab655363afc\" rel=\"nofollow noopener\" target=\"_blank\">Gustavo (Nuno Pardal)<\/a>\u00a0a impedirem que a situa\u00e7\u00e3o se extreme. Vemos no olhar de Eva uma determina\u00e7\u00e3o que seja feita justi\u00e7a.<\/p>\n<p>Recorde-se que Eva contou toda a verdade \u00e0 tia e que ela n\u00e3o est\u00e1 a saber lidar:<\/p>\n","protected":false},"excerpt":{"rendered":"Em \u00abA Fazenda\u00bb, Joel (Jo\u00e3o Jesus)\u00a0pede desculpa a Eva (Margarida Corceiro)\u00a0por a ter beijado, com Eva a vincar&hellip;\n","protected":false},"author":2,"featured_media":61985,"comment_status":"","ping_status":"","sticky":false,"template":"","format":"standard","meta":{"footnotes":""},"categories":[142],"tags":[657,658,160,166,114,115,722,157,167,164,719,161,158,165,159,32,33,156,655,163,151,162],"class_list":{"0":"post-61984","1":"post","2":"type-post","3":"status-publish","4":"format-standard","5":"has-post-thumbnail","7":"category-tv","8":"tag-a-fazenda","9":"tag-alba","10":"tag-ana-guiomar","11":"tag-cristina-ferreira","12":"tag-entertainment","13":"tag-entretenimento","14":"tag-eva","15":"tag-festa-e-festa","16":"tag-ficcao","17":"tag-jose-fidalgo","18":"tag-margarida-corceiro","19":"tag-novelas","20":"tag-para-sempre","21":"tag-pedro-sousa","22":"tag-pedro-teixeira","23":"tag-portugal","24":"tag-pt","25":"tag-queridos-papas","26":"tag-sao-jose-correia","27":"tag-tiago-teotonio-pereira","28":"tag-tv","29":"tag-tvi"},"share_on_mastodon":{"url":"","error":""},"_links":{"self":[{"href":"https:\/\/www.europesays.com\/pt\/wp-json\/wp\/v2\/posts\/61984","targetHints":{"allow":["GET"]}}],"collection":[{"href":"https:\/\/www.europesays.com\/pt\/wp-json\/wp\/v2\/posts"}],"about":[{"href":"https:\/\/www.europesays.com\/pt\/wp-json\/wp\/v2\/types\/post"}],"author":[{"embeddable":true,"href":"https:\/\/www.europesays.com\/pt\/wp-json\/wp\/v2\/users\/2"}],"replies":[{"embeddable":true,"href":"https:\/\/www.europesays.com\/pt\/wp-json\/wp\/v2\/comments?post=61984"}],"version-history":[{"count":0,"href":"https:\/\/www.europesays.com\/pt\/wp-json\/wp\/v2\/posts\/61984\/revisions"}],"wp:featuredmedia":[{"embeddable":true,"href":"https:\/\/www.europesays.com\/pt\/wp-json\/wp\/v2\/media\/61985"}],"wp:attachment":[{"href":"https:\/\/www.europesays.com\/pt\/wp-json\/wp\/v2\/media?parent=61984"}],"wp:term":[{"taxonomy":"category","embeddable":true,"href":"https:\/\/www.europesays.com\/pt\/wp-json\/wp\/v2\/categories?post=61984"},{"taxonomy":"post_tag","embeddable":true,"href":"https:\/\/www.europesays.com\/pt\/wp-json\/wp\/v2\/tags?post=61984"}],"curies":[{"name":"wp","href":"https:\/\/api.w.org\/{rel}","templated":true}]}}