{"id":62100,"date":"2025-09-07T12:41:12","date_gmt":"2025-09-07T12:41:12","guid":{"rendered":"https:\/\/www.europesays.com\/pt\/62100\/"},"modified":"2025-09-07T12:41:12","modified_gmt":"2025-09-07T12:41:12","slug":"o-mirante-david-mendes-e-o-jovem-que-morreu-debaixo-de-carro-que-estava-a-arranjar","status":"publish","type":"post","link":"https:\/\/www.europesays.com\/pt\/62100\/","title":{"rendered":"O MIRANTE | David Mendes \u00e9 o jovem que morreu debaixo de carro que estava a arranjar"},"content":{"rendered":"<p>     <img decoding=\"async\" src=\"https:\/\/www.europesays.com\/pt\/wp-content\/uploads\/2025\/09\/1757248872_514_mw-900.webp\" alt=\"David Mendes \u00e9 o jovem que morreu debaixo de carro que estava a arranjar\" title=\"David Mendes \u00e9 o jovem que morreu debaixo de carro que estava a arranjar\"\/>   <\/p>\n<p>O jovem de 25 anos que morreu na noite deste s\u00e1bado, 6 de Setembro, debaixo do carro que estava a arranjar em Perofilho, Santar\u00e9m, \u00e9 David Mendes, funcion\u00e1rio de uma empresa de reboques Paulo Silva.<\/p>\n<p>O jovem de 25 anos que morreu na noite deste s\u00e1bado, 6 de Setembro, debaixo do carro que estava a arranjar em Perofilho, Santar\u00e9m, \u00e9 David Mendes, funcion\u00e1rio de uma empresa de reboques Paulo Silva. O jovem tinha tido h\u00e1 cerca de dois anos um acidente grave de mota na Nacional 3 na zona da Portela, periferia de Santar\u00e9m.<\/p>\n","protected":false},"excerpt":{"rendered":"O jovem de 25 anos que morreu na noite deste s\u00e1bado, 6 de Setembro, debaixo do carro que&hellip;\n","protected":false},"author":2,"featured_media":62101,"comment_status":"","ping_status":"","sticky":false,"template":"","format":"standard","meta":{"footnotes":""},"categories":[10],"tags":[27,28,15,16,14,6569,6568,25,26,21,22,12,13,19,20,32,23,24,33,3551,5314,17,18,29,30,31],"class_list":{"0":"post-62100","1":"post","2":"type-post","3":"status-publish","4":"format-standard","5":"has-post-thumbnail","7":"category-portugal","8":"tag-breaking-news","9":"tag-breakingnews","10":"tag-featured-news","11":"tag-featurednews","12":"tag-headlines","13":"tag-jornal-regional","14":"tag-jornalismo-de-proximidade","15":"tag-latest-news","16":"tag-latestnews","17":"tag-main-news","18":"tag-mainnews","19":"tag-news","20":"tag-noticias","21":"tag-noticias-principais","22":"tag-noticiasprincipais","23":"tag-portugal","24":"tag-principais-noticias","25":"tag-principaisnoticias","26":"tag-pt","27":"tag-regiao","28":"tag-ribatejo","29":"tag-top-stories","30":"tag-topstories","31":"tag-ultimas","32":"tag-ultimas-noticias","33":"tag-ultimasnoticias"},"share_on_mastodon":{"url":"","error":""},"_links":{"self":[{"href":"https:\/\/www.europesays.com\/pt\/wp-json\/wp\/v2\/posts\/62100","targetHints":{"allow":["GET"]}}],"collection":[{"href":"https:\/\/www.europesays.com\/pt\/wp-json\/wp\/v2\/posts"}],"about":[{"href":"https:\/\/www.europesays.com\/pt\/wp-json\/wp\/v2\/types\/post"}],"author":[{"embeddable":true,"href":"https:\/\/www.europesays.com\/pt\/wp-json\/wp\/v2\/users\/2"}],"replies":[{"embeddable":true,"href":"https:\/\/www.europesays.com\/pt\/wp-json\/wp\/v2\/comments?post=62100"}],"version-history":[{"count":0,"href":"https:\/\/www.europesays.com\/pt\/wp-json\/wp\/v2\/posts\/62100\/revisions"}],"wp:featuredmedia":[{"embeddable":true,"href":"https:\/\/www.europesays.com\/pt\/wp-json\/wp\/v2\/media\/62101"}],"wp:attachment":[{"href":"https:\/\/www.europesays.com\/pt\/wp-json\/wp\/v2\/media?parent=62100"}],"wp:term":[{"taxonomy":"category","embeddable":true,"href":"https:\/\/www.europesays.com\/pt\/wp-json\/wp\/v2\/categories?post=62100"},{"taxonomy":"post_tag","embeddable":true,"href":"https:\/\/www.europesays.com\/pt\/wp-json\/wp\/v2\/tags?post=62100"}],"curies":[{"name":"wp","href":"https:\/\/api.w.org\/{rel}","templated":true}]}}