{"id":62119,"date":"2025-09-07T12:59:08","date_gmt":"2025-09-07T12:59:08","guid":{"rendered":"https:\/\/www.europesays.com\/pt\/62119\/"},"modified":"2025-09-07T12:59:08","modified_gmt":"2025-09-07T12:59:08","slug":"lancamento-de-vai-o-vento-em-todo-agora-marca-noite-de-poesia-em-brasilia","status":"publish","type":"post","link":"https:\/\/www.europesays.com\/pt\/62119\/","title":{"rendered":"Lan\u00e7amento de \u201cVai o vento em todo agora\u201d marca noite de poesia em Bras\u00edlia"},"content":{"rendered":"<p data-start=\"179\" data-end=\"298\">A poesia toma conta de Bras\u00edlia no pr\u00f3ximo dia <strong data-start=\"347\" data-end=\"372\">9 de setembro de 2025<\/strong>, ter\u00e7a-feira, com o lan\u00e7amento da reimpress\u00e3o do livro <strong data-start=\"428\" data-end=\"459\">\u201cVai o vento em todo agora\u201d<\/strong>, de <strong data-start=\"464\" data-end=\"482\">Mardson Soares<\/strong>, publicado pela Editora Caravana. O evento ser\u00e1 realizado a partir das <strong data-start=\"554\" data-end=\"606\">19h30 no Bar Beirute (CLS 109 Loja 2\/4, Asa Sul)<\/strong>, reunindo literatura, m\u00fasica e encontros culturais em um dos espa\u00e7os mais tradicionais da capital.<\/p>\n<p data-start=\"714\" data-end=\"736\"><strong data-start=\"717\" data-end=\"734\">Sobre o livro<\/strong><\/p>\n<p data-start=\"737\" data-end=\"1260\">Com poemas que transitam entre o on\u00edrico e o universal, a obra aborda temas ligados \u00e0 <strong data-start=\"823\" data-end=\"835\">natureza<\/strong> \u2014 como o tempo, a lua, o sol e o vento \u2014 e ao <strong data-start=\"882\" data-end=\"892\">humano<\/strong>, explorando sentimentos como amor, f\u00e9, esperan\u00e7a, inoc\u00eancia, vida e morte.<br data-start=\"967\" data-end=\"970\"\/> A primeira edi\u00e7\u00e3o foi lan\u00e7ada em 2024 pela Editora Caravana, sediada em Ouro Preto, Minas Gerais, e retorna agora em reimpress\u00e3o especial. O volume conta com <strong data-start=\"1128\" data-end=\"1150\">capa de Jo\u00e3o Leite<\/strong>, <strong data-start=\"1152\" data-end=\"1182\">pref\u00e1cio de Roberto Medina<\/strong>, <strong data-start=\"1184\" data-end=\"1220\">orelha de Leonardo Almeida Filho<\/strong> e <strong data-start=\"1223\" data-end=\"1257\">fotografia de Violeta C\u00e9spedes<\/strong>.<\/p>\n<p data-start=\"1267\" data-end=\"1295\"><strong data-start=\"1270\" data-end=\"1293\">Novidade multim\u00eddia<\/strong><\/p>\n<p data-start=\"1296\" data-end=\"1684\">A reimpress\u00e3o traz um diferencial: os poemas tamb\u00e9m poder\u00e3o ser ouvidos em plataformas de streaming como Spotify, Deezer e Soundcloud, a partir da data do lan\u00e7amento.<br data-start=\"1462\" data-end=\"1465\"\/> O acesso ser\u00e1 feito por meio de um <strong data-start=\"1500\" data-end=\"1511\">QR Code<\/strong> localizado na quarta capa do livro. As grava\u00e7\u00f5es t\u00eam <strong data-start=\"1565\" data-end=\"1597\">voz do autor, Mardson Soares<\/strong>, com <strong data-start=\"1603\" data-end=\"1652\">partitura vocal e dire\u00e7\u00e3o de Tullio Guimar\u00e3es<\/strong> e <strong data-start=\"1655\" data-end=\"1681\">edi\u00e7\u00e3o de Donato Viero<\/strong>.<\/p>\n<p data-start=\"1686\" data-end=\"1772\">Link de acesso: <a class=\"decorated-link\" href=\"https:\/\/linktr.ee\/soares.mardson?utm_source=chatgpt.com\" target=\"_new\" data-start=\"1702\" data-end=\"1770\" rel=\"nofollow noopener\">https:\/\/linktr.ee\/soares.mardson<\/a><\/p>\n<p data-start=\"1779\" data-end=\"1801\"><strong data-start=\"1782\" data-end=\"1799\">Sobre o autor<\/strong><\/p>\n<p data-start=\"1802\" data-end=\"2177\"><strong data-start=\"1802\" data-end=\"1820\">Mardson Soares<\/strong> nasceu em <strong data-start=\"1831\" data-end=\"1849\">Bom Jesus (PI)<\/strong>, em 13 de setembro de 1992. \u00c9 <strong data-start=\"1880\" data-end=\"1900\">poeta e cronista<\/strong>, diplomado em Direito pela Universidade Cat\u00f3lica de Bras\u00edlia e membro da <strong data-start=\"1974\" data-end=\"2017\">Associa\u00e7\u00e3o Nacional de Escritores (ANE)<\/strong>.<br data-start=\"2018\" data-end=\"2021\"\/> Entre suas publica\u00e7\u00f5es est\u00e3o Fabr\u00edcio, poemas de Dario Silva (Patu\u00e1, 2018), Roma Rom\u00e3 (Bras\u00edlia, 2024) e Vai o vento em todo agora (Caravana, 2024).<\/p>\n<p data-start=\"2184\" data-end=\"2450\"><strong data-start=\"2187\" data-end=\"2198\">Servi\u00e7o<br \/><\/strong><br data-start=\"2258\" data-end=\"2261\"\/>Local: Bar Beirute \u2013 CLS 109 Loja 2\/4, SHCS, Bras\u00edlia &#8211; DF<br data-start=\"2322\" data-end=\"2325\"\/>Data: 09 de setembro de 2025 (ter\u00e7a-feira)<br data-start=\"2370\" data-end=\"2373\"\/>Hor\u00e1rio: a partir das 19h30<br data-start=\"2402\" data-end=\"2405\"\/>Com acesso a poemas gravados via QR Code<\/p>\n<p>Fonte: Mardson Soares<\/p>\n","protected":false},"excerpt":{"rendered":"A poesia toma conta de Bras\u00edlia no pr\u00f3ximo dia 9 de setembro de 2025, ter\u00e7a-feira, com o lan\u00e7amento&hellip;\n","protected":false},"author":2,"featured_media":62120,"comment_status":"","ping_status":"","sticky":false,"template":"","format":"standard","meta":{"footnotes":""},"categories":[143],"tags":[169,114,115,170,32,33],"class_list":{"0":"post-62119","1":"post","2":"type-post","3":"status-publish","4":"format-standard","5":"has-post-thumbnail","7":"category-livros","8":"tag-books","9":"tag-entertainment","10":"tag-entretenimento","11":"tag-livros","12":"tag-portugal","13":"tag-pt"},"share_on_mastodon":{"url":"","error":""},"_links":{"self":[{"href":"https:\/\/www.europesays.com\/pt\/wp-json\/wp\/v2\/posts\/62119","targetHints":{"allow":["GET"]}}],"collection":[{"href":"https:\/\/www.europesays.com\/pt\/wp-json\/wp\/v2\/posts"}],"about":[{"href":"https:\/\/www.europesays.com\/pt\/wp-json\/wp\/v2\/types\/post"}],"author":[{"embeddable":true,"href":"https:\/\/www.europesays.com\/pt\/wp-json\/wp\/v2\/users\/2"}],"replies":[{"embeddable":true,"href":"https:\/\/www.europesays.com\/pt\/wp-json\/wp\/v2\/comments?post=62119"}],"version-history":[{"count":0,"href":"https:\/\/www.europesays.com\/pt\/wp-json\/wp\/v2\/posts\/62119\/revisions"}],"wp:featuredmedia":[{"embeddable":true,"href":"https:\/\/www.europesays.com\/pt\/wp-json\/wp\/v2\/media\/62120"}],"wp:attachment":[{"href":"https:\/\/www.europesays.com\/pt\/wp-json\/wp\/v2\/media?parent=62119"}],"wp:term":[{"taxonomy":"category","embeddable":true,"href":"https:\/\/www.europesays.com\/pt\/wp-json\/wp\/v2\/categories?post=62119"},{"taxonomy":"post_tag","embeddable":true,"href":"https:\/\/www.europesays.com\/pt\/wp-json\/wp\/v2\/tags?post=62119"}],"curies":[{"name":"wp","href":"https:\/\/api.w.org\/{rel}","templated":true}]}}