{"id":62130,"date":"2025-09-07T13:11:07","date_gmt":"2025-09-07T13:11:07","guid":{"rendered":"https:\/\/www.europesays.com\/pt\/62130\/"},"modified":"2025-09-07T13:11:07","modified_gmt":"2025-09-07T13:11:07","slug":"muito-diferente-claudia-vieira-mostra-se-com-cabelos-brancos-pareco-a-minha-avo","status":"publish","type":"post","link":"https:\/\/www.europesays.com\/pt\/62130\/","title":{"rendered":"Muito diferente, Cl\u00e1udia Vieira mostra-se com cabelos brancos: &#8220;Pare\u00e7o a minha av\u00f3&#8221;"},"content":{"rendered":"<p>Recentemente, no Instagram, <a href=\"https:\/\/selfie.iol.pt\/famosos\/sic\/claudia-vieira-posa-em-biquini-branco-e-detalhe-chama-a-atencao-pensava-que-nao-era-permitido-ainda-bem-que-estava-enganado\/20250726\/68848d7dd34e3f0baea0f0fb\" target=\"_blank\" rel=\"nofollow noopener\">Cl\u00e1udia Vieira<\/a> surpreendeu os seguidores, ao partilhar um registo, no qual, atrav\u00e9s de um filtro, se mostra com cabelos brancos.<\/p>\n<p>&#8220;Ser\u00e1 assim quando estiver cheio de brancos?&#8221;, come\u00e7ou por se questionar a atriz, de 47 anos, antes de fazer uma compara\u00e7\u00e3o: &#8220;Pare\u00e7o a minha av\u00f3.&#8221;<\/p>\n<p>Veja, agora, a imagem partilhada por Cl\u00e1udia Vieira na galeria de fotografias que prepar\u00e1mos para si.<\/p>\n","protected":false},"excerpt":{"rendered":"Recentemente, no Instagram, Cl\u00e1udia Vieira surpreendeu os seguidores, ao partilhar um registo, no qual, atrav\u00e9s de um filtro,&hellip;\n","protected":false},"author":2,"featured_media":62131,"comment_status":"","ping_status":"","sticky":false,"template":"","format":"standard","meta":{"footnotes":""},"categories":[145],"tags":[813,6041,211,210,1082,114,115,980,1015,619,32,33,1012,1751],"class_list":{"0":"post-62130","1":"post","2":"type-post","3":"status-publish","4":"format-standard","5":"has-post-thumbnail","7":"category-celebridades","8":"tag-atriz","9":"tag-cabelo","10":"tag-celebridades","11":"tag-celebrities","12":"tag-claudia-vieira","13":"tag-entertainment","14":"tag-entretenimento","15":"tag-famosos","16":"tag-instagram","17":"tag-nacional","18":"tag-portugal","19":"tag-pt","20":"tag-selfie","21":"tag-sic"},"share_on_mastodon":{"url":"","error":""},"_links":{"self":[{"href":"https:\/\/www.europesays.com\/pt\/wp-json\/wp\/v2\/posts\/62130","targetHints":{"allow":["GET"]}}],"collection":[{"href":"https:\/\/www.europesays.com\/pt\/wp-json\/wp\/v2\/posts"}],"about":[{"href":"https:\/\/www.europesays.com\/pt\/wp-json\/wp\/v2\/types\/post"}],"author":[{"embeddable":true,"href":"https:\/\/www.europesays.com\/pt\/wp-json\/wp\/v2\/users\/2"}],"replies":[{"embeddable":true,"href":"https:\/\/www.europesays.com\/pt\/wp-json\/wp\/v2\/comments?post=62130"}],"version-history":[{"count":0,"href":"https:\/\/www.europesays.com\/pt\/wp-json\/wp\/v2\/posts\/62130\/revisions"}],"wp:featuredmedia":[{"embeddable":true,"href":"https:\/\/www.europesays.com\/pt\/wp-json\/wp\/v2\/media\/62131"}],"wp:attachment":[{"href":"https:\/\/www.europesays.com\/pt\/wp-json\/wp\/v2\/media?parent=62130"}],"wp:term":[{"taxonomy":"category","embeddable":true,"href":"https:\/\/www.europesays.com\/pt\/wp-json\/wp\/v2\/categories?post=62130"},{"taxonomy":"post_tag","embeddable":true,"href":"https:\/\/www.europesays.com\/pt\/wp-json\/wp\/v2\/tags?post=62130"}],"curies":[{"name":"wp","href":"https:\/\/api.w.org\/{rel}","templated":true}]}}