{"id":62132,"date":"2025-09-07T13:14:19","date_gmt":"2025-09-07T13:14:19","guid":{"rendered":"https:\/\/www.europesays.com\/pt\/62132\/"},"modified":"2025-09-07T13:14:19","modified_gmt":"2025-09-07T13:14:19","slug":"mario-sergio-faz-jogo-duplo-e-se-diverte-com-circo-pegando-fogo","status":"publish","type":"post","link":"https:\/\/www.europesays.com\/pt\/62132\/","title":{"rendered":"M\u00e1rio S\u00e9rgio faz jogo duplo e se diverte com circo pegando fogo"},"content":{"rendered":"<p>Nos pr\u00f3ximos cap\u00edtulos de Vale Tudo, as a\u00e7\u00f5es de M\u00e1rio S\u00e9rgio (Thomas Aquino) se uniu a Maria de F\u00e1tima (Bella Campos) na campanha de difama\u00e7\u00e3o de Odete Roitman (Debora Bloch), s\u00f3 que Marco Aur\u00e9lio (Alexandre Nero) tamb\u00e9m segue esse caminho a fim de provocar a queda da executiva junto ao conselho. O diretor de marketing, ent\u00e3o, passa a colocar um contra o outro dentro da TCA.<\/p>\n<p>Trocado por C\u00e9sar (Cau\u00e3 Reymond), o cr\u00e1pula prometeu ajudar a ex-mulher de Afonso (Humberto Carr\u00e3o) a separar o novo casal. A estrat\u00e9gia tomada pela falsiane ser\u00e1 denunciar o modelo pela participa\u00e7\u00e3o no roubo do quadro de Heleninha (Paolla Oliveira), e soltar a not\u00edcia no dia do casamento.<\/p>\n<p>Apesar do esc\u00e2ndalo, <a href=\"https:\/\/natelinha.uol.com.br\/novelas\/vale-tudo\/personagem\/odete-roitman\" rel=\"nofollow noopener\" target=\"_blank\">Odete Roitman<\/a> se casa mesmo assim. C\u00ednico, <a href=\"https:\/\/natelinha.uol.com.br\/novelas\/vale-tudo\/personagem\/mario-sergio\" rel=\"nofollow noopener\" target=\"_blank\">M\u00e1rio S\u00e9rgio<\/a> confirma para a milion\u00e1ria que foi Maria de F\u00e1tima. O estrago j\u00e1 ter\u00e1 sido feito, e a fofoca acaba caindo mal no conselho da TCA.<\/p>\n<p>continua depois da publicidade<\/p>\n<p>Ao saber que a vil\u00e3 pode perder a presid\u00eancia, <a href=\"https:\/\/natelinha.uol.com.br\/novelas\/vale-tudo\/personagem\/marco-aurelio\" rel=\"nofollow noopener\" target=\"_blank\">Marco Aur\u00e9lio<\/a> planta uma nova notinha na imprensa, desta vez com a lista dos novinhos que a executiva pegou. Mais uma vez, a vil\u00e3 <a href=\"https:\/\/natelinha.uol.com.br\/novelas\/2025\/07\/24\/vale-tudo-mario-sergio-ameaca-odete-roitman-nao-vai-fazer-isso-comigo--228963.php\" rel=\"nofollow noopener\" target=\"_blank\">recorre ao diretor de marketing<\/a> que confirma que <a href=\"https:\/\/natelinha.uol.com.br\/novelas\/2025\/08\/27\/vale-tudo-marco-aurelio-entra-em-guerra-com-odete-roitman-e-sofre-atentado-230415.php\" rel=\"nofollow noopener\" target=\"_blank\">a bomba saiu de algu\u00e9m &#8220;chef\u00e3o&#8221;<\/a> da empresa. Saiba mais!<\/p>\n<p>Em Vale Tudo, passado de Odete Roitman pode afast\u00e1-la da presid\u00eancia da TCA<\/p>\n<p><img decoding=\"async\" loading=\"lazy\" class=\"horizontal\" src=\"https:\/\/www.europesays.com\/pt\/wp-content\/uploads\/2025\/09\/tv-globo-vale-tudo-marco-aurelio-e-odete-em-guerra_3305.jpeg\" width=\"1280\" height=\"719\" alt=\"Vale Tudo: M\u00e1rio S\u00e9rgio faz jogo duplo e se diverte com circo pegando fogo\"\/><\/p>\n<p>Nos pr\u00f3ximos cap\u00edtulos de<a href=\"https:\/\/natelinha.uol.com.br\/novelas\/vale-tudo\" rel=\"nofollow noopener\" target=\"_blank\"> Vale Tudo<\/a>, Odete Roitman e Marco Aur\u00e9lio entram em p\u00e9 de guerra. A vil\u00e3 descobriu que o executivo lhe rouba h\u00e1 anos e exige seu dinheiro corrigido de volta.<\/p>\n<p>Enquanto ganha tempo, o pai de Tiago (Pedro Waddington) vai se aproveitar do casamento da vil\u00e3 com C\u00e9sar para puxar o tapete dela dentro da TCA. Isso porque a uni\u00e3o provoca uma queda nas a\u00e7\u00f5es da empresa de avia\u00e7\u00e3o, irritando o conselho.<\/p>\n<p>continua depois da publicidade<\/p>\n<p><a href=\"https:\/\/natelinha.uol.com.br\/novelas\/2025\/08\/30\/vale-tudo-maria-de-fatima-transforma-o-casamento-de-odete-roitman-em-caso-de-policia-230584.php\" rel=\"nofollow noopener\" target=\"_blank\">+\u00a0Vale Tudo: Maria de F\u00e1tima transforma o casamento de Odete Roitman em caso de pol\u00edcia<\/a><\/p>\n<p>Marco Aur\u00e9lio chega a confessar a Leila (Carolina Dieckmann) que a milion\u00e1ria pode ser afastada da presid\u00eancia. Caso isso ocorra, as chances do corrupto assumir o cargo crescem, j\u00e1 que a a rica\u00e7a manteve sigilo sobre o desvio de verba para evitar um esc\u00e2ndalo.<\/p>\n<p>Pe\u00e7a chave na treta, M\u00e1rio S\u00e9rgio passa a fazer jogo duplo entre os dois poderosos da TCA. Unido a Maria de F\u00e1tima, foi o diretor de marketing quem ajudou a falsiane a divulgar uma mat\u00e9ria em que C\u00e9sar \u00e9 apontado como suspeito pelo roubo do quadro de Heleninha, e est\u00e1 sendo investigado.<\/p>\n<p>continua depois da publicidade<\/p>\n<p>Marco Aur\u00e9lio, ent\u00e3o, segue o exemplo da filha de Raquel (Ta\u00eds Araujo) e planta uma notinha sobre os homens com quem Odete Roitman se envolveu antes do casamento com o mich\u00ea.<\/p>\n<p>Com a reputa\u00e7\u00e3o quase na sarjeta, a milion\u00e1ria recorre ao ex-funcion\u00e1rio da Tomorrow para saber de onde saiu a not\u00edcia. Malandro, M\u00e1rio S\u00e9rgio garante que partiu de algu\u00e9m da TCA.<\/p>\n<p><a href=\"https:\/\/natelinha.uol.com.br\/novelas\/2025\/09\/02\/vale-tudo-marco-aurelio-e-traido-por-r-300-mil-saiba-por-quem--230681.php\" rel=\"nofollow noopener\" target=\"_blank\">+\u00a0Vale Tudo: Marco Aur\u00e9lio \u00e9 tra\u00eddo por R$ 300 mil; saiba por quem<\/a><\/p>\n<p>Assim, ficar\u00e1 claro para a irm\u00e3 de Celina (Malu Galli) que s\u00f3 pode ter sido o Marco Aur\u00e9lio. Enquanto os dois executivos entram em p\u00e9 de guerra, o publicit\u00e1rio observa a treta de camarote enquanto se diverte.<\/p>\n<p>continua depois da publicidade<\/p>\n<p>Ainda n\u00e3o ficar\u00e1 claro, por\u00e9m, quais as reais inten\u00e7\u00f5es de M\u00e1rio S\u00e9rio. Por\u00e9m, o c\u00famplice de Maria de F\u00e1tima consegue manipular uma quarta pessoa.<\/p>\n<p>Freitas (Luis Lobianco) fotografa uns pap\u00e9is comprometedores na mesa do marido de Leila e negocia os documentos com Odete Roitman por R$ 300 mil.<\/p>\n<p>A hist\u00f3ria come\u00e7a a se desenrolar no cap\u00edtulo do dia 10 de setembro.<\/p>\n<p>O\u00a0<strong>NaTelinha<\/strong>\u00a0divulga todos os dias os\u00a0<a href=\"https:\/\/natelinha.uol.com.br\/novelas\" rel=\"nofollow noopener\" target=\"_blank\"><strong>resumos dos cap\u00edtulos<\/strong><\/a>, detalhes dos personagens, entrevistas exclusivas com o elenco e spoiler da novela Vale Tudo.\u00a0\u00a0<\/p>\n<p><strong>Assista \u00e0 abertura do remake de Vale Tudo:\u00a0 \u00a0<\/strong><\/p>\n<p>                                <img decoding=\"async\" loading=\"lazy\" class=\"horizontal\" alt=\"Imagem da thumbnail do v\u00eddeo\" src=\"https:\/\/www.europesays.com\/pt\/wp-content\/uploads\/2025\/07\/1753885272_70_hqdefault.jpg\"\/><\/p>\n<p>\u00a0<\/p>\n<p>\u00a0<\/p>\n","protected":false},"excerpt":{"rendered":"Nos pr\u00f3ximos cap\u00edtulos de Vale Tudo, as a\u00e7\u00f5es de M\u00e1rio S\u00e9rgio (Thomas Aquino) se uniu a Maria de&hellip;\n","protected":false},"author":2,"featured_media":62133,"comment_status":"","ping_status":"","sticky":false,"template":"","format":"standard","meta":{"footnotes":""},"categories":[142],"tags":[114,115,7149,13123,4008,32,33,151,2154],"class_list":{"0":"post-62132","1":"post","2":"type-post","3":"status-publish","4":"format-standard","5":"has-post-thumbnail","7":"category-tv","8":"tag-entertainment","9":"tag-entretenimento","10":"tag-marco-aurelio-vale-tudo","11":"tag-mario-sergio-vale-tudo","12":"tag-odete-roitman-vale-tudo","13":"tag-portugal","14":"tag-pt","15":"tag-tv","16":"tag-vale-tudo"},"share_on_mastodon":{"url":"","error":""},"_links":{"self":[{"href":"https:\/\/www.europesays.com\/pt\/wp-json\/wp\/v2\/posts\/62132","targetHints":{"allow":["GET"]}}],"collection":[{"href":"https:\/\/www.europesays.com\/pt\/wp-json\/wp\/v2\/posts"}],"about":[{"href":"https:\/\/www.europesays.com\/pt\/wp-json\/wp\/v2\/types\/post"}],"author":[{"embeddable":true,"href":"https:\/\/www.europesays.com\/pt\/wp-json\/wp\/v2\/users\/2"}],"replies":[{"embeddable":true,"href":"https:\/\/www.europesays.com\/pt\/wp-json\/wp\/v2\/comments?post=62132"}],"version-history":[{"count":0,"href":"https:\/\/www.europesays.com\/pt\/wp-json\/wp\/v2\/posts\/62132\/revisions"}],"wp:featuredmedia":[{"embeddable":true,"href":"https:\/\/www.europesays.com\/pt\/wp-json\/wp\/v2\/media\/62133"}],"wp:attachment":[{"href":"https:\/\/www.europesays.com\/pt\/wp-json\/wp\/v2\/media?parent=62132"}],"wp:term":[{"taxonomy":"category","embeddable":true,"href":"https:\/\/www.europesays.com\/pt\/wp-json\/wp\/v2\/categories?post=62132"},{"taxonomy":"post_tag","embeddable":true,"href":"https:\/\/www.europesays.com\/pt\/wp-json\/wp\/v2\/tags?post=62132"}],"curies":[{"name":"wp","href":"https:\/\/api.w.org\/{rel}","templated":true}]}}