{"id":62139,"date":"2025-09-07T13:23:04","date_gmt":"2025-09-07T13:23:04","guid":{"rendered":"https:\/\/www.europesays.com\/pt\/62139\/"},"modified":"2025-09-07T13:23:04","modified_gmt":"2025-09-07T13:23:04","slug":"elevador-da-gloria-marcelo-considera-moedas-politicamente-responsavel","status":"publish","type":"post","link":"https:\/\/www.europesays.com\/pt\/62139\/","title":{"rendered":"Elevador da Gl\u00f3ria. Marcelo considera Moedas &#8220;politicamente respons\u00e1vel&#8221;"},"content":{"rendered":"<p>                    <b>\u201cQuem quer que exer\u00e7a um cargo pol\u00edtico \u00e9 politicamente respons\u00e1vel pelo exerc\u00edcio\u201d<\/b>, alertou o chefe de Estado em declara\u00e7\u00f5es aos jornalistas ap\u00f3s participar nas cerim\u00f3nias f\u00fanebres das v\u00edtimas mortais do descarrilamento.<\/p>\n<p>\u201cEu sou politicamente respons\u00e1vel, por isso \u00e9 que escrevi aos chefes de Estado estrangeiros em nome do Estado portugu\u00eas\u201d, exemplificou o presidente, acrescentando que \u201cpara efetivar a responsabilidade \u00e9 preciso ter o relat\u00f3rio completo, mas que ela existe por princ\u00edpio, sim\u201d.<\/p>\n<p><b>\u201cQuem est\u00e1 \u00e0 frente de uma institui\u00e7\u00e3o p\u00fablica responde politicamente (\u2026) por aquilo que aconte\u00e7a de menos bem nessa institui\u00e7\u00e3o, mesmo que sem culpa nenhuma, mesmo que sem interven\u00e7\u00e3o nenhuma\u201d<\/b>, reiterou.<\/p>\n<p>Marcelo Rebelo de Sousa sublinhou que a responsabilidade pol\u00edtica, \u201cno caso de ser um cargo eletivo, \u00e9 perante os eleitores\u201d, pelo que, <b>numa altura em que o pa\u00eds est\u00e1 a pouco mais de um m\u00eas das aut\u00e1rquicas, surge a oportunidade \u201cde os eleitores se manifestarem\u201d<\/b>.As elei\u00e7\u00f5es aut\u00e1rquicas dar\u00e3o \u201ca quem tem de decidir a possibilidade de a culpa n\u00e3o morrer solteira\u201d, vincou o presidente.<\/p>\n<p>O chefe de Estado disse tamb\u00e9m ter compreendido a posi\u00e7\u00e3o do presidente da Carris quando p\u00f4s o lugar \u00e0 disposi\u00e7\u00e3o \u201cporque hoje, no direito portugu\u00eas (\u2026), o simples facto de uma institui\u00e7\u00e3o p\u00fablica no seu funcionamento (\u2026) determinar consequ\u00eancias desta gravidade determina uma responsabilidade jur\u00eddica objetiva\u201d.<\/p>\n<p>Destacou, por\u00e9m, que o relat\u00f3rio inicial sobre o descarrilamento \u201ctem o cuidado de dizer que h\u00e1 muitas d\u00favidas e muitas pistas a desenvolver at\u00e9 ao relat\u00f3rio prometido para daqui a 45 dias\u201d.<\/p>\n<p>Segundo este relat\u00f3rio, com os elementos dispon\u00edveis at\u00e9 ao momento <b>n\u00e3o \u00e9 poss\u00edvel determinar a responsabilidade de pessoas nem organiza\u00e7\u00f5es.<\/b><br \/>&#13;\n<\/p>\n<p>          <img decoding=\"async\" itemprop=\"image\" class=\"img-fluid\"   src=\"https:\/\/www.europesays.com\/pt\/wp-content\/uploads\/2025\/09\/9dc18d3972567c7b7929625af8f35141_N.jpg\"\/><\/p>\n<p>\nMarcelo Rebelo de Sousa apontou tamb\u00e9m o facto de o documento questionar \u201cporque \u00e9 que se soltou, no ponto de fixa\u00e7\u00e3o de uma cabine, o cabo\u201d ou \u201cporque \u00e9 que a redund\u00e2ncia n\u00e3o existe ou n\u00e3o funcionou\u201d quando foram acionados os dois sistemas de travagem.<\/p>\n<p>&#13;<br \/>\nO presidente transmitiu ainda as suas condol\u00eancias \u00e0s fam\u00edlias e amigos das v\u00edtimas portuguesas, assim como aos chefes de Estado dos pa\u00edses de onde eram originais as v\u00edtimas estrangeiras.&#13;\n<\/p>\n<p>&#13;<br \/>\n<b>O elevador da Gl\u00f3ria, em Lisboa, descarrilou quarta-feira, pelas 18h00, fazendo 16 v\u00edtimas mortais e v\u00e1rios feridos.\u00a0<\/b>O Governo decretou um dia de luto nacional na quinta-feira e a C\u00e2mara de Lisboa decidiu adotar tr\u00eas dias de luto municipal.&#13;<\/p>\n","protected":false},"excerpt":{"rendered":"\u201cQuem quer que exer\u00e7a um cargo pol\u00edtico \u00e9 politicamente respons\u00e1vel pelo exerc\u00edcio\u201d, alertou o chefe de Estado em&hellip;\n","protected":false},"author":2,"featured_media":62140,"comment_status":"","ping_status":"","sticky":false,"template":"","format":"standard","meta":{"footnotes":""},"categories":[10],"tags":[15187,27,28,5408,3766,2258,16269,15,16,14,25,26,797,21,22,588,12,13,19,20,32,1963,23,24,33,17,18,29,30,31],"class_list":{"0":"post-62139","1":"post","2":"type-post","3":"status-publish","4":"format-standard","5":"has-post-thumbnail","7":"category-portugal","8":"tag-autarquicas","9":"tag-breaking-news","10":"tag-breakingnews","11":"tag-camara","12":"tag-carlos-moedas","13":"tag-eleicoes","14":"tag-elevador-da-gloria","15":"tag-featured-news","16":"tag-featurednews","17":"tag-headlines","18":"tag-latest-news","19":"tag-latestnews","20":"tag-lisboa","21":"tag-main-news","22":"tag-mainnews","23":"tag-marcelo-rebelo-de-sousa","24":"tag-news","25":"tag-noticias","26":"tag-noticias-principais","27":"tag-noticiasprincipais","28":"tag-portugal","29":"tag-presidente-da-republica","30":"tag-principais-noticias","31":"tag-principaisnoticias","32":"tag-pt","33":"tag-top-stories","34":"tag-topstories","35":"tag-ultimas","36":"tag-ultimas-noticias","37":"tag-ultimasnoticias"},"share_on_mastodon":{"url":"","error":""},"_links":{"self":[{"href":"https:\/\/www.europesays.com\/pt\/wp-json\/wp\/v2\/posts\/62139","targetHints":{"allow":["GET"]}}],"collection":[{"href":"https:\/\/www.europesays.com\/pt\/wp-json\/wp\/v2\/posts"}],"about":[{"href":"https:\/\/www.europesays.com\/pt\/wp-json\/wp\/v2\/types\/post"}],"author":[{"embeddable":true,"href":"https:\/\/www.europesays.com\/pt\/wp-json\/wp\/v2\/users\/2"}],"replies":[{"embeddable":true,"href":"https:\/\/www.europesays.com\/pt\/wp-json\/wp\/v2\/comments?post=62139"}],"version-history":[{"count":0,"href":"https:\/\/www.europesays.com\/pt\/wp-json\/wp\/v2\/posts\/62139\/revisions"}],"wp:featuredmedia":[{"embeddable":true,"href":"https:\/\/www.europesays.com\/pt\/wp-json\/wp\/v2\/media\/62140"}],"wp:attachment":[{"href":"https:\/\/www.europesays.com\/pt\/wp-json\/wp\/v2\/media?parent=62139"}],"wp:term":[{"taxonomy":"category","embeddable":true,"href":"https:\/\/www.europesays.com\/pt\/wp-json\/wp\/v2\/categories?post=62139"},{"taxonomy":"post_tag","embeddable":true,"href":"https:\/\/www.europesays.com\/pt\/wp-json\/wp\/v2\/tags?post=62139"}],"curies":[{"name":"wp","href":"https:\/\/api.w.org\/{rel}","templated":true}]}}