{"id":62187,"date":"2025-09-07T14:18:18","date_gmt":"2025-09-07T14:18:18","guid":{"rendered":"https:\/\/www.europesays.com\/pt\/62187\/"},"modified":"2025-09-07T14:18:18","modified_gmt":"2025-09-07T14:18:18","slug":"liga-de-clubes-confirma-rececao-do-benfica-ao-rio-ave-em-23-de-setembro","status":"publish","type":"post","link":"https:\/\/www.europesays.com\/pt\/62187\/","title":{"rendered":"Liga de Clubes confirma rece\u00e7\u00e3o do Benfica ao Rio Ave em 23 de setembro"},"content":{"rendered":"<p>                    O desafio da ronda inaugural entre \u2018encarnados\u2019 e vila-condenses foi adiado devido ao duplo confronto do Benfica com os franceses do Nice, no in\u00edcio de agosto, para a terceira pr\u00e9-eliminat\u00f3ria da Liga dos Campe\u00f5es, que os lisboetas ultrapassaram em duas m\u00e3os (2-0, em Fran\u00e7a, e 2-0, em Lisboa).<\/p>\n<p>As \u2018\u00e1guias\u2019 confirmaram depois a presen\u00e7a na fase de liga da \u2018Champions\u2019, na qual tamb\u00e9m est\u00e1 o Sporting, tendo vencido no play-off de acesso os turcos do Fenerbah\u00e7e (0-0, em Istambul, e 1-0, na Luz).<\/p>\n<p>A equipa comandada por Bruno Lage ocupa o quarto lugar do campeonato, com nove pontos, os mesmos de Sporting (terceiro) e Moreirense (quinto), enquanto o Rio Ave \u00e9 11.\u00ba, com tr\u00eas. &#13;<\/p>\n","protected":false},"excerpt":{"rendered":"O desafio da ronda inaugural entre \u2018encarnados\u2019 e vila-condenses foi adiado devido ao duplo confronto do Benfica com&hellip;\n","protected":false},"author":2,"featured_media":62188,"comment_status":"","ping_status":"","sticky":false,"template":"","format":"standard","meta":{"footnotes":""},"categories":[87],"tags":[135,13,32,33,420,421,134],"class_list":{"0":"post-62187","1":"post","2":"type-post","3":"status-publish","4":"format-standard","5":"has-post-thumbnail","7":"category-desporto","8":"tag-desporto","9":"tag-noticias","10":"tag-portugal","11":"tag-pt","12":"tag-rtp","13":"tag-rtp-noticias","14":"tag-sports"},"share_on_mastodon":{"url":"","error":""},"_links":{"self":[{"href":"https:\/\/www.europesays.com\/pt\/wp-json\/wp\/v2\/posts\/62187","targetHints":{"allow":["GET"]}}],"collection":[{"href":"https:\/\/www.europesays.com\/pt\/wp-json\/wp\/v2\/posts"}],"about":[{"href":"https:\/\/www.europesays.com\/pt\/wp-json\/wp\/v2\/types\/post"}],"author":[{"embeddable":true,"href":"https:\/\/www.europesays.com\/pt\/wp-json\/wp\/v2\/users\/2"}],"replies":[{"embeddable":true,"href":"https:\/\/www.europesays.com\/pt\/wp-json\/wp\/v2\/comments?post=62187"}],"version-history":[{"count":0,"href":"https:\/\/www.europesays.com\/pt\/wp-json\/wp\/v2\/posts\/62187\/revisions"}],"wp:featuredmedia":[{"embeddable":true,"href":"https:\/\/www.europesays.com\/pt\/wp-json\/wp\/v2\/media\/62188"}],"wp:attachment":[{"href":"https:\/\/www.europesays.com\/pt\/wp-json\/wp\/v2\/media?parent=62187"}],"wp:term":[{"taxonomy":"category","embeddable":true,"href":"https:\/\/www.europesays.com\/pt\/wp-json\/wp\/v2\/categories?post=62187"},{"taxonomy":"post_tag","embeddable":true,"href":"https:\/\/www.europesays.com\/pt\/wp-json\/wp\/v2\/tags?post=62187"}],"curies":[{"name":"wp","href":"https:\/\/api.w.org\/{rel}","templated":true}]}}