{"id":62212,"date":"2025-09-07T14:46:07","date_gmt":"2025-09-07T14:46:07","guid":{"rendered":"https:\/\/www.europesays.com\/pt\/62212\/"},"modified":"2025-09-07T14:46:07","modified_gmt":"2025-09-07T14:46:07","slug":"motogp-miguel-oliveira-alcanca-o-melhor-resultado-da-temporada","status":"publish","type":"post","link":"https:\/\/www.europesays.com\/pt\/62212\/","title":{"rendered":"MotoGP: Miguel Oliveira alcan\u00e7a o melhor resultado da temporada"},"content":{"rendered":"<p>\u00c1lex M\u00e1rquez venceu o Grande Pr\u00e9mio da Catalunha e alcan\u00e7ou apenas o segundo triunfo na carreira na divis\u00e3o m\u00e1xima do motociclismo.<\/p>\n<p>O piloto espanhol partiu da\u00a0pole position\u00a0e logo na primeira volta perdeu a primeira posi\u00e7\u00e3o para o irm\u00e3o Marc, l\u00edder da classifica\u00e7\u00e3o do Mundial de pilotos.<\/p>\n<p>No entanto, na quarta volta \u00c1lex voltou ao primeiro posto e da\u00ed nunca mais saiu, terminando na frente de uma corrida pela segunda vez na carreira. O irm\u00e3o Marc terminou no segundo lugar, Bastianini fechou o p\u00f3dio.<\/p>\n<p>Miguel Oliveira partiu da 16.\u00aa posi\u00e7\u00e3o e foi ganhando alguns lugares, tamb\u00e9m por culpa de algumas quedas, nomeadamente, de Di Giannantonio e Bezzechi. A corrida decorreu de fei\u00e7\u00e3o ao portugu\u00eas e terminou no nono lugar da classifica\u00e7\u00e3o, a melhor desta temporada.<\/p>\n<p>Apesar do segundo Marc M\u00e1rquez lidera a classifica\u00e7\u00e3o do mundial de pilotos com 487 pontos, mais 182 que \u00c1lex M\u00e1rquez. Miguel Oliveira conquistou sete pontos de uma s\u00f3 vez e est\u00e1 na 21.\u00aa posi\u00e7\u00e3o com 17 pontos.<\/p>\n<p>(Artigo atualizado \u00e0s 14h07)<\/p>\n","protected":false},"excerpt":{"rendered":"\u00c1lex M\u00e1rquez venceu o Grande Pr\u00e9mio da Catalunha e alcan\u00e7ou apenas o segundo triunfo na carreira na divis\u00e3o&hellip;\n","protected":false},"author":2,"featured_media":62213,"comment_status":"","ping_status":"","sticky":false,"template":"","format":"standard","meta":{"footnotes":""},"categories":[87],"tags":[17324,135,17323,46,10167,1830,4413,10166,32,33,47,134],"class_list":{"0":"post-62212","1":"post","2":"type-post","3":"status-publish","4":"format-standard","5":"has-post-thumbnail","7":"category-desporto","8":"tag-alex-marquez","9":"tag-desporto","10":"tag-gp-catalunha","11":"tag-maisfutebol","12":"tag-miguel-oliveira","13":"tag-modalidades","14":"tag-motociclismo","15":"tag-motogp","16":"tag-portugal","17":"tag-pt","18":"tag-pura-paixao","19":"tag-sports"},"share_on_mastodon":{"url":"","error":""},"_links":{"self":[{"href":"https:\/\/www.europesays.com\/pt\/wp-json\/wp\/v2\/posts\/62212","targetHints":{"allow":["GET"]}}],"collection":[{"href":"https:\/\/www.europesays.com\/pt\/wp-json\/wp\/v2\/posts"}],"about":[{"href":"https:\/\/www.europesays.com\/pt\/wp-json\/wp\/v2\/types\/post"}],"author":[{"embeddable":true,"href":"https:\/\/www.europesays.com\/pt\/wp-json\/wp\/v2\/users\/2"}],"replies":[{"embeddable":true,"href":"https:\/\/www.europesays.com\/pt\/wp-json\/wp\/v2\/comments?post=62212"}],"version-history":[{"count":0,"href":"https:\/\/www.europesays.com\/pt\/wp-json\/wp\/v2\/posts\/62212\/revisions"}],"wp:featuredmedia":[{"embeddable":true,"href":"https:\/\/www.europesays.com\/pt\/wp-json\/wp\/v2\/media\/62213"}],"wp:attachment":[{"href":"https:\/\/www.europesays.com\/pt\/wp-json\/wp\/v2\/media?parent=62212"}],"wp:term":[{"taxonomy":"category","embeddable":true,"href":"https:\/\/www.europesays.com\/pt\/wp-json\/wp\/v2\/categories?post=62212"},{"taxonomy":"post_tag","embeddable":true,"href":"https:\/\/www.europesays.com\/pt\/wp-json\/wp\/v2\/tags?post=62212"}],"curies":[{"name":"wp","href":"https:\/\/api.w.org\/{rel}","templated":true}]}}