{"id":62411,"date":"2025-09-07T18:40:14","date_gmt":"2025-09-07T18:40:14","guid":{"rendered":"https:\/\/www.europesays.com\/pt\/62411\/"},"modified":"2025-09-07T18:40:14","modified_gmt":"2025-09-07T18:40:14","slug":"mt-tem-alta-de-hiv-aids-e-outras-doencas-sexualmente-transmissiveis","status":"publish","type":"post","link":"https:\/\/www.europesays.com\/pt\/62411\/","title":{"rendered":"MT tem alta de HIV, Aids e outras doen\u00e7as sexualmente transmiss\u00edveis"},"content":{"rendered":"\n<p>Mato Grosso registra aumento das Infec\u00e7\u00f5es Sexualmente Transmiss\u00edveis (ISTs), como s\u00edfilis, hepatite e HIV (V\u00edrus da Imunodefici\u00eancia Humana), na \u00faltima d\u00e9cada.<\/p>\n<p>Dados da Secretaria de Estado de Sa\u00fade apontam que os casos de HIV saltaram de 1.088, em 2022, para 1.155, em 2024.<\/p>\n<p>Neste ano, at\u00e9 agosto passado, 353 pessoas foram diagnosticadas com a doen\u00e7a.<\/p>\n<p><strong>Leia tamb\u00e9m:<\/strong><\/p>\n<p><a href=\"https:\/\/www.diariodecuiaba.com.br\/policia\/clinica-de-estetica-nao-tinha-alvara-e-a-dona-atuava-como-medica\/717539\" target=\"_blank\" rel=\"noopener noreferrer nofollow\"><strong>Cl\u00ednica de est\u00e9tica n\u00e3o tinha alvar\u00e1 e a dona atuava como m\u00e9dica<\/strong><\/a><\/p>\n<p>J\u00e1 os diagn\u00f3sticos de Aids (S\u00edndrome da Imunodefici\u00eancia Adquirida), que \u00e9 o est\u00e1gio mais avan\u00e7ado da infec\u00e7\u00e3o por HIV, aumentaram de 410 para 509, na compara\u00e7\u00e3o de 2022 para 2024.<\/p>\n<p>At\u00e9 junho de 2025, j\u00e1 s\u00e3o 152 casos da doen\u00e7a.<\/p>\n<p>Os registros de s\u00edfilis subiram de 2.832, em 2022, para 4.205, no ano passado. Neste ano, at\u00e9 agosto, houve 2.620 diagn\u00f3sticos.<\/p>\n<p>Os dados foram divulgados na sexta-feira (5), pela\u00a0m\u00e9dica infectologista Kadja Leite, do Hospital Universit\u00e1rio J\u00falio Muller (HUJM), durante entrevista ao<strong> Jornal da Nova<\/strong>.<\/p>\n<p>Segundo ela, a alta se deve a v\u00e1rios fatores. Um deles \u00e9 o fato de que as pessoas est\u00e3o testando menos.<\/p>\n<p>\u201cMuitas dessas doen\u00e7as s\u00e3o assintom\u00e1ticas, o que faz com que as pessoas fiquem anos doentes sem buscar atendimento e sendo fonte de transmiss\u00e3o. Na d\u00e9cada de 90, 2000, se via muita propaganda, muito incentivo da pessoa buscar fazer o teste r\u00e1pido. E a gente viu que diminuiu essa campanha mais maci\u00e7a nas m\u00eddias. Ent\u00e3o, a cultura de fazer o teste caiu um pouco e as pessoas est\u00e3o tendo menos diagn\u00f3stico e est\u00e3o transmitindo mais\u201d, disse.<\/p>\n<p>A m\u00e9dica ressaltou a import\u00e2ncia de prevenir a reinfec\u00e7\u00e3o, pois quem pegou s\u00edfilis e j\u00e1 tratou ainda pode pegar novamente.<\/p>\n<p>\u201cAs ISTs s\u00e3o altamente transmiss\u00edveis. Muitas t\u00eam cura, como a s\u00edfilis, a gonorreia e a clam\u00eddia, mas elas t\u00eam alto \u00edndice de reinfec\u00e7\u00e3o. E aqueles pacientes que \u00e0s vezes tratam, mas tratam inadequadamente, pelo tempo incorreto e se sentem seguros, achando que est\u00e3o bem, que est\u00e3o tratados e a\u00ed continuam transmitindo a infec\u00e7\u00e3o\u201d, alertou.<\/p>\n<p>Kadja Leite falou ainda sobre a import\u00e2ncia do uso do preservativo e as medidas de vacina\u00e7\u00e3o, como as vacinas contra HPV (v\u00edrus do papiloma humano) e hepatite B, al\u00e9m das medidas biom\u00e9dicas.<\/p>\n<p>\u201cHoje, a gente tem muitos recursos, como o PrEP, que \u00e9 a profilaxia pr\u00e9-exposi\u00e7\u00e3o. Ent\u00e3o, uma pessoa que tem um comportamento de risco, que tem um parceiro com HIV, ele pode tomar rem\u00e9dio para n\u00e3o pegar a HIV. Tem o PEP, que \u00e9 a profilaxia p\u00f3s-exposi\u00e7\u00e3o, a pessoa teve uma rela\u00e7\u00e3o com a pessoa que ela n\u00e3o conhece ou que sabidamente tem HIV e ele n\u00e3o sabia, pode tomar o PrEP por 28 dias e previne a infec\u00e7\u00e3o pelo HIV. Os testes r\u00e1pidos regulares, o tratamento das ISTs\u201d, afirmou.<\/p>\n<p>Tamb\u00e9m a vacina contra o HPV est\u00e1 dispon\u00edvel gratuitamente, nos postos de Sa\u00fade, para crian\u00e7as e adolescentes de 9 a 19 anos, bem como os pacientes em uso de PrEP t\u00eam direito a fazer at\u00e9 os 45 anos.<\/p>\n<p>J\u00e1 para realizar o teste, ofertado pelo Sistema \u00danico de Sa\u00fade (SUS), deve-se procurar uma Unidade B\u00e1sica de Sa\u00fade (UBS) ou um Centro de Testagem e Aconselhamento (CTA).<\/p>\n","protected":false},"excerpt":{"rendered":"Mato Grosso registra aumento das Infec\u00e7\u00f5es Sexualmente Transmiss\u00edveis (ISTs), como s\u00edfilis, hepatite e HIV (V\u00edrus da Imunodefici\u00eancia Humana),&hellip;\n","protected":false},"author":2,"featured_media":62412,"comment_status":"","ping_status":"","sticky":false,"template":"","format":"standard","meta":{"footnotes":""},"categories":[86],"tags":[116,32,33,117],"class_list":{"0":"post-62411","1":"post","2":"type-post","3":"status-publish","4":"format-standard","5":"has-post-thumbnail","7":"category-saude","8":"tag-health","9":"tag-portugal","10":"tag-pt","11":"tag-saude"},"share_on_mastodon":{"url":"","error":""},"_links":{"self":[{"href":"https:\/\/www.europesays.com\/pt\/wp-json\/wp\/v2\/posts\/62411","targetHints":{"allow":["GET"]}}],"collection":[{"href":"https:\/\/www.europesays.com\/pt\/wp-json\/wp\/v2\/posts"}],"about":[{"href":"https:\/\/www.europesays.com\/pt\/wp-json\/wp\/v2\/types\/post"}],"author":[{"embeddable":true,"href":"https:\/\/www.europesays.com\/pt\/wp-json\/wp\/v2\/users\/2"}],"replies":[{"embeddable":true,"href":"https:\/\/www.europesays.com\/pt\/wp-json\/wp\/v2\/comments?post=62411"}],"version-history":[{"count":0,"href":"https:\/\/www.europesays.com\/pt\/wp-json\/wp\/v2\/posts\/62411\/revisions"}],"wp:featuredmedia":[{"embeddable":true,"href":"https:\/\/www.europesays.com\/pt\/wp-json\/wp\/v2\/media\/62412"}],"wp:attachment":[{"href":"https:\/\/www.europesays.com\/pt\/wp-json\/wp\/v2\/media?parent=62411"}],"wp:term":[{"taxonomy":"category","embeddable":true,"href":"https:\/\/www.europesays.com\/pt\/wp-json\/wp\/v2\/categories?post=62411"},{"taxonomy":"post_tag","embeddable":true,"href":"https:\/\/www.europesays.com\/pt\/wp-json\/wp\/v2\/tags?post=62411"}],"curies":[{"name":"wp","href":"https:\/\/api.w.org\/{rel}","templated":true}]}}