{"id":62433,"date":"2025-09-07T19:01:14","date_gmt":"2025-09-07T19:01:14","guid":{"rendered":"https:\/\/www.europesays.com\/pt\/62433\/"},"modified":"2025-09-07T19:01:14","modified_gmt":"2025-09-07T19:01:14","slug":"de-olho-na-copa-telas-de-televisao-crescem-e-comeca-a-era-das-tvs-gigantes","status":"publish","type":"post","link":"https:\/\/www.europesays.com\/pt\/62433\/","title":{"rendered":"De olho na Copa, telas de televis\u00e3o crescem, e come\u00e7a a era das TVs gigantes"},"content":{"rendered":"\n<p class=\" content-text__container theme-color-primary-first-letter\" data-track-category=\"Link no Texto\" data-track-links=\"\"> A ind\u00fastria de televisores j\u00e1 se prepara para a pr\u00f3xima temporada de vendas do setor, que vai da Black Friday, no fim de novembro, at\u00e9 a Copa do Mundo de 2026, marcada para junho nos EUA, M\u00e9xico e Canad\u00e1. Ser\u00e1 tamb\u00e9m o in\u00edcio das transmiss\u00f5es da TV 3.0, que promete maior interatividade no sinal aberto. O mercado projeta um crescimento de at\u00e9 10% nas vendas nesse per\u00edodo, impulsionadas pela mais nova tend\u00eancia do mercado: as TVs gigantes, com imagem em alt\u00edssima defini\u00e7\u00e3o (8K) e recursos de intelig\u00eancia artificial (IA). <\/p>\n<ul class=\"content-unordered-list\">\n<li><strong>iPhone 17:<\/strong> <a class=\"\" href=\"https:\/\/oglobo.globo.com\/economia\/tecnologia\/noticia\/2025\/09\/05\/iphone-17-preco-quando-lanca-e-tudo-sobre-o-lancamento-da-apple.ghtml\" rel=\"nofollow noopener\" target=\"_blank\">Pre\u00e7o, cores e tudo sobre o lan\u00e7amento da Apple<\/a><\/li>\n<li><strong>Big tech:<\/strong> <a class=\"\" href=\"https:\/\/oglobo.globo.com\/economia\/tecnologia\/noticia\/2025\/09\/06\/multa-da-ue-a-google-que-motivou-ameaca-de-sancao-de-trump-e-uma-das-maiores-ja-aplicadas-pelo-bloco.ghtml\" rel=\"nofollow noopener\" target=\"_blank\">Multa da UE \u00e0 Google, que motivou amea\u00e7a de san\u00e7\u00e3o de Trump, \u00e9 uma das maiores j\u00e1 aplicadas pelo bloco<\/a><\/li>\n<\/ul>\n<p class=\" content-text__container \" data-track-category=\"Link no Texto\" data-track-links=\"\"> A ind\u00fastria identificou um interesse crescente dos consumidores por telas maiores e mergulhou nisso com investimentos em novos modelos e tecnologias. De olho no calend\u00e1rio, as principais fabricantes que atuam no Brasil j\u00e1 adaptam linhas de produ\u00e7\u00e3o para levar ao mercado telas de dimens\u00f5es in\u00e9ditas, de at\u00e9 116 polegadas. O tamanho impressiona: a largura do modelo chega a 2,63 metros. Mas os fabricantes garantem que tecnologias embarcadas, com redu\u00e7\u00e3o de luz azul, maior \u00e2ngulo de vis\u00e3o e menos reflexo, auxiliam no conforto do usu\u00e1rio mesmo em c\u00f4modos n\u00e3o muito grandes, embora haja distanciamento m\u00ednimo. <\/p>\n<p class=\" content-text__container \" data-track-category=\"Link no Texto\" data-track-links=\"\"> O setor projeta chegar ao fim deste ano com alta entre 2% e 3% nas vendas de TVs, totalizando cerca de 11 milh\u00f5es de aparelhos comercializados e faturamento de R$ 25 bilh\u00f5es. Nada mau em tempos de cr\u00e9dito caro. Para 2026, com a expectativa de queda dos juros, as empresas esperam alta de at\u00e9 10% com a Copa, que tradicionalmente impulsiona as vendas da categoria. <\/p>\n<p>      <img decoding=\"async\" class=\"content-media__image\"  src=\"https:\/\/www.europesays.com\/pt\/wp-content\/uploads\/2025\/09\/112239624-divulgacao-a-chinesa-hisense-anuncia-na-proxima-semana-seu-novo-modelo-de-116-polega.jpg\" alt=\"A chinesa Hisense anuncia na pr\u00f3xima semana seu novo modelo, de 116 polegadas, ao custo de R$ 199 mil \u2014 Foto: Divulga\u00e7\u00e3o\" width=\"653\" height=\"480\" loading=\"lazy\"\/>  A chinesa Hisense anuncia na pr\u00f3xima semana seu novo modelo, de 116 polegadas, ao custo de R$ 199 mil \u2014 Foto: Divulga\u00e7\u00e3o       <\/p>\n<p class=\" content-text__container \" data-track-category=\"Link no Texto\" data-track-links=\"\"> A Samsung lan\u00e7ou no Brasil, na semana passada, uma TV de 115 polegadas a R$ 99,9 mil. Helbert Oliveira, diretor s\u00eanior da Divis\u00e3o de TV, \u00c1udio e Monitores da coreana no pa\u00eds, diz que eventos s\u00e3o catalisadores de vendas em um mercado j\u00e1 maduro como o brasileiro. Por isso, a estrat\u00e9gia da companhia, l\u00edder no segmento de TVs aqui, \u00e9 estimular a troca por modelos maiores e com mais tecnologia embarcada. A empresa anunciou tamb\u00e9m 11 novos modelos com 24 dimens\u00f5es diferentes. <\/p>\n<p class=\" content-text__container \" data-track-category=\"Link no Texto\" data-track-links=\"\"> \u2014 O brasileiro est\u00e1 buscando tamanhos maiores. Estamos investindo em um portf\u00f3lio premium com uma gama variada de polegadas. A Black Friday \u00e9 um ensaio para o ano que vem, com a Copa, quando muitas pessoas aproveitam os jogos para trocar de aparelho. H\u00e1 espa\u00e7o para telas maiores no Brasil. O movimento vem acompanhado de modelos com mais tecnologia, com IA embarcada e integra\u00e7\u00e3o com os smartphones, que viram microfones para karaok\u00ea, e rel\u00f3gios, cujos movimentos do pulso se tornam comando para a TV \u2014 explica o executivo. <\/p>\n<ul class=\"content-unordered-list\">\n<li><strong>IA:<\/strong> <a class=\"\" href=\"https:\/\/oglobo.globo.com\/economia\/noticia\/2025\/09\/05\/anthropic-pagara-us-15-bilhao-para-encerrar-acoes-de-direitos-autorais-movidas-por-autores.ghtml\" rel=\"nofollow noopener\" target=\"_blank\">Anthropic pagar\u00e1 US$ 1,5 bilh\u00e3o para encerrar a\u00e7\u00f5es de direitos autorais movidas por autores<\/a><\/li>\n<\/ul>\n<p class=\" content-text__container \" data-track-category=\"Link no Texto\" data-track-links=\"\"> Segundo ele, 55% das vendas neste ano devem se concentrar no segundo semestre, o que deve se inverter no ano que vem por conta do Mundial. Os lan\u00e7amentos, batizados de TVs Vision AI, abrangem diferentes tecnologias, incluindo as linhas Neo QLED 8K, Neo QLED 4K, OLED e a The Frame Pro 4K, para quem busca design na decora\u00e7\u00e3o. Em geral, os pre\u00e7os come\u00e7am em R$ 3.899. Os modelos contam com tecnologia que transforma a resolu\u00e7\u00e3o de qualquer imagem em 4K e 8K. E t\u00eam uma taxa de atualiza\u00e7\u00e3o maior, de at\u00e9 240Hz, permitindo maior fluidez nas imagens, ideal para games. E ainda t\u00eam embarcado o Copilot, sistema de IA da Microsoft. <\/p>\n<p class=\" content-text__container \" data-track-category=\"Link no Texto\" data-track-links=\"\"> \u2014 At\u00e9 o fim do ano, haver\u00e1 diversas fun\u00e7\u00f5es novas, como tradu\u00e7\u00e3o em transmiss\u00f5es ao vivo. Alguns modelos j\u00e1 contam com conex\u00e3o sem fio, n\u00e3o precisam do cabo para transmitir a imagem \u2014 diz Oliveira. <\/p>\n<ul class=\"content-unordered-list\">\n<li><strong>The Line:<\/strong><a class=\"\" href=\"https:\/\/oglobo.globo.com\/economia\/epoca\/noticia\/2025\/09\/06\/the-line-conheca-predio-da-arabia-saudita-de-r-26-trilhoes-e-170-km-de-extensao-que-promete-acomodar-ate-9-milhoes-de-pessoas.ghtml\" rel=\"nofollow noopener\" target=\"_blank\"> conhe\u00e7a pr\u00e9dio da Ar\u00e1bia Saudita de R$ 2,6 trilh\u00f5es e 170 km de extens\u00e3o que promete acomodar at\u00e9 9 milh\u00f5es de pessoas<\/a><\/li>\n<\/ul>\n<p class=\" content-text__container \" data-track-category=\"Link no Texto\" data-track-links=\"\"> A TCL Semp lan\u00e7ou o modelo de 115 polegadas em 2024 por R$ 149.999, depois de levar ao mercado telas de 85 e 98 polegadas. Nikolas Corbacho, gerente de Produtos da companhia, calcula que o mercado das \u201csupergrandes\u201d cresce 22% ao ano, e as vendas da marca no segmento saltaram 116% em 12 meses. H\u00e1 ainda espa\u00e7o para crescer, ele avalia: <\/p>\n<p class=\" content-text__container \" data-track-category=\"Link no Texto\" data-track-links=\"\"> \u2014 H\u00e1 um aumento no interesse impulsionado principalmente por streamings e futebol. O consumidor n\u00e3o quer acompanhar essas programa\u00e7\u00f5es numa tela pequena, mas esse desejo estava sendo suprido por projetores, que n\u00e3o proporcionam a qualidade de imagem da TV. A resolu\u00e7\u00e3o n\u00e3o \u00e9 a mesma, a ilumina\u00e7\u00e3o pode atrapalhar, n\u00e3o h\u00e1 aplicativos embarcados. <\/p>\n<p>      <img decoding=\"async\" class=\"content-media__image\"  src=\"https:\/\/www.europesays.com\/pt\/wp-content\/uploads\/2025\/09\/eco-07-09-tv-gigantes-.png\" alt=\"Comparando as TVs gigantes \u2014 Foto: Editoria de Arte\" width=\"1200\" height=\"1124\" loading=\"lazy\"\/>  Comparando as TVs gigantes \u2014 Foto: Editoria de Arte       <\/p>\n<p class=\" content-text__container \" data-track-category=\"Link no Texto\" data-track-links=\"\"> A chinesa Hisense anuncia na pr\u00f3xima semana seu novo modelo, de 116 polegadas. Com pre\u00e7o sugerido de R$ 199 mil, o modelo ser\u00e1 comercializado apenas sob demanda nos principais varejistas do pa\u00eds. Para Erico Traldi, vice-presidente de Marketing e Vendas, a Black Friday deste ano ser\u00e1 um aquecimento para a Copa: <\/p>\n<p class=\" content-text__container \" data-track-category=\"Link no Texto\" data-track-links=\"\"> \u2014 O brasileiro continua buscando, nesses eventos, o upgrade de tecnologia e tamanho. Apesar de as telas de 65 polegadas serem as queridinhas, as maiores est\u00e3o cada vez mais no desejo dos consumidores. O planejamento para os eventos \u00e9 primordial e estamos preparados em todos os parceiros on-line e diversas lojas pelo Brasil com ofertas. <\/p>\n<ul class=\"content-unordered-list\">\n<li><strong>Guerra comercial: <\/strong><a class=\"\" href=\"https:\/\/oglobo.globo.com\/economia\/noticia\/2025\/09\/05\/trump-tarifas-brasil-impostas-pelo-que-o-governo-esta-fazendo.ghtml\" rel=\"nofollow noopener\" target=\"_blank\">Trump diz que tarifas sobre Brasil foram impostas pelo &#8216;que o governo est\u00e1 fazendo&#8217;<\/a><\/li>\n<\/ul>\n<p>Personaliza\u00e7\u00e3o e imers\u00e3o<\/p>\n<p class=\" content-text__container \" data-track-category=\"Link no Texto\" data-track-links=\"\"> Rodrigo Fiani, vice-presidente de Vendas da LG no Brasil, espera alta de 10% na demanda por televisores na Black Friday em compara\u00e7\u00e3o ao ano passado. Segundo ele, as vendas ser\u00e3o puxadas principalmente pelas telas OLED: <\/p>\n<p class=\" content-text__container \" data-track-category=\"Link no Texto\" data-track-links=\"\"> \u2014 O diferencial est\u00e1 na IA em todos os modelos, o que garante personaliza\u00e7\u00e3o, imers\u00e3o e facilidade de uso no dia a dia. <\/p>\n<ul class=\"content-unordered-list\">\n<li><strong>Menos uso de tela:<\/strong> <a class=\"\" href=\"https:\/\/oglobo.globo.com\/economia\/tecnologia\/noticia\/2025\/09\/06\/uso-de-celulares-pode-ser-limitado-a-duas-horas-por-dia-em-cidade-japonesa.ghtml\" rel=\"nofollow noopener\" target=\"_blank\">Uso de celulares pode ser limitado a duas horas por dia em cidade japonesa<\/a><\/li>\n<\/ul>\n<p class=\" content-text__container \" data-track-category=\"Link no Texto\" data-track-links=\"\"> O com\u00e9rcio tamb\u00e9m j\u00e1 colocou seu time em campo. No Mercado Livre, televisores ser\u00e3o os protagonistas da Black Friday, e uma das estrat\u00e9gias para a data \u00e9 garantir entregas mais r\u00e1pidas. Gonzalo Greco, diretor de Marketplace da varejista on-line, lembra que tradicionalmente h\u00e1 um incremento de 15% nas vendas de TVs em anos de Copa: <\/p>\n<p class=\" content-text__container \" data-track-category=\"Link no Texto\" data-track-links=\"\"> \u2014 J\u00e1 iniciamos conversas com os principais fabricantes e parceiros estrat\u00e9gicos do setor para garantir sortimento robusto e pre\u00e7os competitivos. Estamos estruturando acordos que envolvem condi\u00e7\u00f5es comerciais diferenciadas e ativa\u00e7\u00f5es conjuntas de marketing. A TV ser\u00e1 um dos hits de vendas neste segundo semestre e na prepara\u00e7\u00e3o para o Mundial. <\/p>\n<p class=\" content-text__container \" data-track-category=\"Link no Texto\" data-track-links=\"\"> TVs gigantes tamb\u00e9m est\u00e3o no radar do Magalu para a Black Friday. A varejista prev\u00ea descontos entre 30% e 50% e parcelamento em at\u00e9 21 vezes. <\/p>\n<p class=\" content-text__container \" data-track-category=\"Link no Texto\" data-track-links=\"\"> \u2014 \u00c9 muito importante o cr\u00e9dito e o parcelamento facilitado nesses produtos de t\u00edquete mais alto. Estamos trabalhando com os fabricantes para trazer essas \u201ctelonas\u201d com pre\u00e7os mais acess\u00edveis \u2014 afirma o diretor comercial, Fernando Canina. <\/p>\n<ul class=\"content-unordered-list\">\n<li><strong>Press\u00e3o:<\/strong> <a class=\"\" href=\"https:\/\/oglobo.globo.com\/economia\/financas\/noticia\/2025\/09\/05\/apos-dados-fracos-de-emprego-trump-volta-a-atacar-powell-presidente-do-fed.ghtml\" rel=\"nofollow noopener\" target=\"_blank\">Ap\u00f3s dados fracos de emprego, Trump volta a atacar Powell, presidente do Fed<\/a><\/li>\n<\/ul>\n<p class=\" content-text__container \" data-track-category=\"Link no Texto\" data-track-links=\"\"> Casas Bahia e Ponto Frio tamb\u00e9m preparam condi\u00e7\u00f5es especiais para novembro, com parcelamento prolongado nos cart\u00f5es e credi\u00e1rio das marcas. Gustavo Pimenta, diretor comercial do grupo, diz que a chegada de telas grandes torna os pre\u00e7os mais acess\u00edveis: <\/p>\n<p class=\" content-text__container \" data-track-category=\"Link no Texto\" data-track-links=\"\"> \u2014 Com op\u00e7\u00f5es cada vez maiores, as de 75 ou 86 polegadas, que tinham pre\u00e7os proibitivos, agora s\u00e3o mais fact\u00edveis. <\/p>\n<p class=\" content-text__container \" data-track-category=\"Link no Texto\" data-track-links=\"\"> A Copa deve coincidir com as primeiras transmiss\u00f5es da TV 3.0. Embora o padr\u00e3o t\u00e9cnico ainda n\u00e3o esteja definido para a adapta\u00e7\u00e3o da cadeia de suprimentos e fabrica\u00e7\u00e3o, os aparelhos poder\u00e3o aderir \u00e0 tecnologia com conversores. \u201cAs conversas est\u00e3o em andamento. Os fabricantes participam ativamente dos f\u00f3runs t\u00e9cnicos e mant\u00eam di\u00e1logo com o governo e entidades normativas para definir requisitos claros e assegurar a interoperabilidade dos equipamentos\u201d, informou a Eletros, associa\u00e7\u00e3o das empresas do setor. <\/p>\n","protected":false},"excerpt":{"rendered":"A ind\u00fastria de televisores j\u00e1 se prepara para a pr\u00f3xima temporada de vendas do setor, que vai da&hellip;\n","protected":false},"author":2,"featured_media":62434,"comment_status":"","ping_status":"","sticky":false,"template":"","format":"standard","meta":{"footnotes":""},"categories":[84],"tags":[109,107,108,32,33,679,105,103,104,106,110],"class_list":{"0":"post-62433","1":"post","2":"type-post","3":"status-publish","4":"format-standard","5":"has-post-thumbnail","7":"category-ciencia-e-tecnologia","8":"tag-ciencia","9":"tag-ciencia-e-tecnologia","10":"tag-cienciaetecnologia","11":"tag-portugal","12":"tag-pt","13":"tag-reportagem","14":"tag-science","15":"tag-science-and-technology","16":"tag-scienceandtechnology","17":"tag-technology","18":"tag-tecnologia"},"share_on_mastodon":{"url":"","error":""},"_links":{"self":[{"href":"https:\/\/www.europesays.com\/pt\/wp-json\/wp\/v2\/posts\/62433","targetHints":{"allow":["GET"]}}],"collection":[{"href":"https:\/\/www.europesays.com\/pt\/wp-json\/wp\/v2\/posts"}],"about":[{"href":"https:\/\/www.europesays.com\/pt\/wp-json\/wp\/v2\/types\/post"}],"author":[{"embeddable":true,"href":"https:\/\/www.europesays.com\/pt\/wp-json\/wp\/v2\/users\/2"}],"replies":[{"embeddable":true,"href":"https:\/\/www.europesays.com\/pt\/wp-json\/wp\/v2\/comments?post=62433"}],"version-history":[{"count":0,"href":"https:\/\/www.europesays.com\/pt\/wp-json\/wp\/v2\/posts\/62433\/revisions"}],"wp:featuredmedia":[{"embeddable":true,"href":"https:\/\/www.europesays.com\/pt\/wp-json\/wp\/v2\/media\/62434"}],"wp:attachment":[{"href":"https:\/\/www.europesays.com\/pt\/wp-json\/wp\/v2\/media?parent=62433"}],"wp:term":[{"taxonomy":"category","embeddable":true,"href":"https:\/\/www.europesays.com\/pt\/wp-json\/wp\/v2\/categories?post=62433"},{"taxonomy":"post_tag","embeddable":true,"href":"https:\/\/www.europesays.com\/pt\/wp-json\/wp\/v2\/tags?post=62433"}],"curies":[{"name":"wp","href":"https:\/\/api.w.org\/{rel}","templated":true}]}}