{"id":62488,"date":"2025-09-07T19:54:08","date_gmt":"2025-09-07T19:54:08","guid":{"rendered":"https:\/\/www.europesays.com\/pt\/62488\/"},"modified":"2025-09-07T19:54:08","modified_gmt":"2025-09-07T19:54:08","slug":"maria-de-fatima-arma-escandalo-no-casamento-de-odete-e-cesar-em-vale-tudo","status":"publish","type":"post","link":"https:\/\/www.europesays.com\/pt\/62488\/","title":{"rendered":"Maria de F\u00e1tima arma esc\u00e2ndalo no casamento de Odete e C\u00e9sar em &#8216;Vale Tudo&#8217;"},"content":{"rendered":"<p>\n                        Alerta barraco! Maria de F\u00e1tima n\u00e3o aceitar\u00e1 casamento de Odete e C\u00e9sar em &#8216;Vale Tudo&#8217; e colocar\u00e1 plano ardiloso em a\u00e7\u00e3o\n                    <\/p>\n<p class=\"text\">Os pr\u00f3ximos cap\u00edtulos de &#8216;Vale Tudo&#8217;, novela da TV Globo, ser\u00e3o marcados pelo casamento de Odete<strong> (Debora Bloch)<\/strong> e C\u00e9sar<strong> (Cau\u00e3 Reymond).<\/strong> Ap\u00f3s chocar a fam\u00edlia com a not\u00edcia da uni\u00e3o, a vil\u00e3 do folhetim ter\u00e1 que lidar com a\u00e7\u00f5es de Maria de F\u00e1tima <strong>(Bella Campos).<\/strong><\/p>\n<p><img loading=\"lazy\" decoding=\"async\" alt=\"Vale Tudo\" class=\"img-60ec476fbc05da3d16425d6b6553e09609orwd3a\" height=\"435\" src=\"https:\/\/www.europesays.com\/pt\/wp-content\/uploads\/2025\/09\/779810082-maria-de-fatima.jpg\"  title=\"Vale Tudo\" width=\"774\"\/><\/p>\n<p>Vale Tudo<\/p>\n<p>Foto: (Divulga\u00e7\u00e3o\/TV Globo) \/ Contigo<\/p>\n<p class=\"text\">Disposta a tudo para acabar com a cerim\u00f4nia, a filha de Raquel <strong>(Ta\u00eds Araujo)<\/strong> acusar\u00e1 o noivo de um crime. Ciente de que a imagem \u00e9 tudo para a fam\u00edlia Roitman, a personagem ardilosa far\u00e1 com que a not\u00edcia sobre o ex-amante viralize na internet.<\/p>\n<p class=\"text\">Na cena, C\u00e9sar ser\u00e1 acusado de ter roubado um quadro valioso de Heleninha (<a href=\"https:\/\/www.terra.com.br\/tudo-sobre\/paolla-oliveira\" target=\"_self\" rel=\"nofollow noopener\">Paolla Oliveira<\/a>). Ele ficar\u00e1 completamente desesperado e cogitar fugir, no entanto, Odete tamb\u00e9m mostrar\u00e1 que far\u00e1 que tudo pela rela\u00e7\u00e3o.<\/p>\n<p class=\"text\">Ela limpar\u00e1 a imagem do gal\u00e3, defendendo o noivo na frente de todos os convidados. Al\u00e9m disso, a vil\u00e3 dar\u00e1 um carro de luxo ao amado, ignorando qualquer acusa\u00e7\u00e3o contra ele.<\/p>\n<p>Novo casal?<\/p>\n<p class=\"text\">E n\u00e3o para por a\u00ed! Ap\u00f3s ser humilhada por Odete, Celina <strong>(Malu Galli)<\/strong> engatar um novo romance durante o casamento da irm\u00e3. Segundo o Not\u00edcias da TV, Olavo se aproximar\u00e1 da personagem, que cair\u00e1 nos encantos dele.<\/p>\n<p class=\"text\">O problema \u00e9 que Maria de F\u00e1tima n\u00e3o gostar\u00e1 nada da aproxima\u00e7\u00e3o deles e colocar\u00e1 em pr\u00e1tica mais um plano ardiloso. A jovem dir\u00e1 para Esteban que Celina engatou o novo romance quando ainda estava com ele, ou seja, que acusar\u00e1 a tia de Afonso <strong>(Humberto Carr\u00e3o)<\/strong> de trai\u00e7\u00e3o.<\/p>\n<p>Veja mais cenas do folhetim<\/p>\n<blockquote class=\"instagram-media\" data-instgrm-captioned=\"\" data-instgrm-permalink=\"https:\/\/www.instagram.com\/reel\/DOR-wzZjhLB\/?utm_source=ig_embed&amp;utm_campaign=loading\" data-instgrm-version=\"14\" style=\"background: #FFF; border: 0; border-radius: 3px; box-shadow: 0 0 1px 0 rgba(0,0,0,0.5),0 1px 10px 0 rgba(0,0,0,0.15); margin: 1px; max-width: 540px; min-width: 326px; padding: 0; width: calc(100% - 2px);\">\n<p>     Ver essa foto no Instagram <\/p>\n<p class=\"text\" style=\"color: #c9c8cd; font-family: Arial,sans-serif; font-size: 14px; line-height: 17px; margin-bottom: 0; margin-top: 8px; overflow: hidden; padding: 8px 0 7px; text-align: center; text-overflow: ellipsis; white-space: nowrap;\"><a href=\"https:\/\/www.instagram.com\/reel\/DOR-wzZjhLB\/?utm_source=ig_embed&amp;utm_campaign=loading\" rel=\"noopener nofollow\" style=\"color: #c9c8cd; font-family: Arial,sans-serif; font-size: 14px; font-style: normal; font-weight: normal; line-height: 17px; text-decoration: none;\" target=\"_blank\">Uma publica\u00e7\u00e3o compartilhada por TV Globo (@tvglobo)<\/a><\/p>\n<\/blockquote>\n<p>                            <script async src=\"\/\/www.instagram.com\/embed.js\"><\/script><\/p>\n","protected":false},"excerpt":{"rendered":"Alerta barraco! Maria de F\u00e1tima n\u00e3o aceitar\u00e1 casamento de Odete e C\u00e9sar em &#8216;Vale Tudo&#8217; e colocar\u00e1 plano&hellip;\n","protected":false},"author":2,"featured_media":62489,"comment_status":"","ping_status":"","sticky":false,"template":"","format":"standard","meta":{"footnotes":""},"categories":[142],"tags":[114,115,32,33,151],"class_list":{"0":"post-62488","1":"post","2":"type-post","3":"status-publish","4":"format-standard","5":"has-post-thumbnail","7":"category-tv","8":"tag-entertainment","9":"tag-entretenimento","10":"tag-portugal","11":"tag-pt","12":"tag-tv"},"share_on_mastodon":{"url":"","error":""},"_links":{"self":[{"href":"https:\/\/www.europesays.com\/pt\/wp-json\/wp\/v2\/posts\/62488","targetHints":{"allow":["GET"]}}],"collection":[{"href":"https:\/\/www.europesays.com\/pt\/wp-json\/wp\/v2\/posts"}],"about":[{"href":"https:\/\/www.europesays.com\/pt\/wp-json\/wp\/v2\/types\/post"}],"author":[{"embeddable":true,"href":"https:\/\/www.europesays.com\/pt\/wp-json\/wp\/v2\/users\/2"}],"replies":[{"embeddable":true,"href":"https:\/\/www.europesays.com\/pt\/wp-json\/wp\/v2\/comments?post=62488"}],"version-history":[{"count":0,"href":"https:\/\/www.europesays.com\/pt\/wp-json\/wp\/v2\/posts\/62488\/revisions"}],"wp:featuredmedia":[{"embeddable":true,"href":"https:\/\/www.europesays.com\/pt\/wp-json\/wp\/v2\/media\/62489"}],"wp:attachment":[{"href":"https:\/\/www.europesays.com\/pt\/wp-json\/wp\/v2\/media?parent=62488"}],"wp:term":[{"taxonomy":"category","embeddable":true,"href":"https:\/\/www.europesays.com\/pt\/wp-json\/wp\/v2\/categories?post=62488"},{"taxonomy":"post_tag","embeddable":true,"href":"https:\/\/www.europesays.com\/pt\/wp-json\/wp\/v2\/tags?post=62488"}],"curies":[{"name":"wp","href":"https:\/\/api.w.org\/{rel}","templated":true}]}}