{"id":62502,"date":"2025-09-07T20:09:07","date_gmt":"2025-09-07T20:09:07","guid":{"rendered":"https:\/\/www.europesays.com\/pt\/62502\/"},"modified":"2025-09-07T20:09:07","modified_gmt":"2025-09-07T20:09:07","slug":"prova-do-polvo-da-para-o-torto-sabotagem-de-miranda-e-afonso-custa-lhes-um-capaz-de-bens-essenciais-noticias-de-hoje","status":"publish","type":"post","link":"https:\/\/www.europesays.com\/pt\/62502\/","title":{"rendered":"Prova do polvo d\u00e1 para o torto: Sabotagem de Miranda e Afonso custa-lhes um capaz de bens essenciais &#8211; Not\u00edcias de hoje"},"content":{"rendered":"<p>                                    <a href=\"https:\/\/www.iol.pt\/maisVistos\/depois-de-almocarem-em-separado-miranda-reclama-com-a-turma-da-monica-esta-gente-nao-tem-nocao\/68bdb88c0cf285ab53a5e2b3\" rel=\"nofollow noopener\" target=\"_blank\"><\/p>\n<p>Depois de almo\u00e7arem em separado, Miranda reclama com a &#8220;turma da M\u00f3nica&#8221;: \u00abEsta gente n\u00e3o tem no\u00e7\u00e3o\u00bb<\/p>\n<p>                                    <\/a><\/p>\n<p>Na mesa de refei\u00e7\u00f5es do <strong>Big Brother Ver\u00e3o<\/strong>, Viriato Quintela, Bruna e J\u00e9ssica Vieira s\u00e3o o primeiro turno a preparar o almo\u00e7o\u00a0e a almo\u00e7ar, enquanto Catarina Miranda e Afonso Leit\u00e3o permanecem deitados. Assim que os tr\u00eas\u00a0concorrentes se dirigem ao quarto, Afonso e Miranda levantam-se e colocam\u00a0novamente a mesa para almo\u00e7arem. A ribatejana, ao observar que os colegas\u00a0guardaram um sumo no frigorifico praticamente vazio, reclama, proferindo que\u00a0estes n\u00e3o t\u00eam no\u00e7\u00e3o.<\/p>\n<p>J\u00e9ssica que, entretanto, tinha sa\u00eddo do quarto, volta a entrar e\u00a0comenta com Bruna que os dois aliados s\u00f3 agora foram almo\u00e7ar, acrescentando que\u00a0t\u00eam muita massa para comer, em vez de os chatear.<\/p>\n","protected":false},"excerpt":{"rendered":"Depois de almo\u00e7arem em separado, Miranda reclama com a &#8220;turma da M\u00f3nica&#8221;: \u00abEsta gente n\u00e3o tem no\u00e7\u00e3o\u00bb Na&hellip;\n","protected":false},"author":2,"featured_media":62503,"comment_status":"","ping_status":"","sticky":false,"template":"","format":"standard","meta":{"footnotes":""},"categories":[142],"tags":[2031,342,114,115,488,13,32,33,151],"class_list":{"0":"post-62502","1":"post","2":"type-post","3":"status-publish","4":"format-standard","5":"has-post-thumbnail","7":"category-tv","8":"tag-afonso-leitao","9":"tag-catarina-miranda","10":"tag-entertainment","11":"tag-entretenimento","12":"tag-iol","13":"tag-noticias","14":"tag-portugal","15":"tag-pt","16":"tag-tv"},"share_on_mastodon":{"url":"","error":""},"_links":{"self":[{"href":"https:\/\/www.europesays.com\/pt\/wp-json\/wp\/v2\/posts\/62502","targetHints":{"allow":["GET"]}}],"collection":[{"href":"https:\/\/www.europesays.com\/pt\/wp-json\/wp\/v2\/posts"}],"about":[{"href":"https:\/\/www.europesays.com\/pt\/wp-json\/wp\/v2\/types\/post"}],"author":[{"embeddable":true,"href":"https:\/\/www.europesays.com\/pt\/wp-json\/wp\/v2\/users\/2"}],"replies":[{"embeddable":true,"href":"https:\/\/www.europesays.com\/pt\/wp-json\/wp\/v2\/comments?post=62502"}],"version-history":[{"count":0,"href":"https:\/\/www.europesays.com\/pt\/wp-json\/wp\/v2\/posts\/62502\/revisions"}],"wp:featuredmedia":[{"embeddable":true,"href":"https:\/\/www.europesays.com\/pt\/wp-json\/wp\/v2\/media\/62503"}],"wp:attachment":[{"href":"https:\/\/www.europesays.com\/pt\/wp-json\/wp\/v2\/media?parent=62502"}],"wp:term":[{"taxonomy":"category","embeddable":true,"href":"https:\/\/www.europesays.com\/pt\/wp-json\/wp\/v2\/categories?post=62502"},{"taxonomy":"post_tag","embeddable":true,"href":"https:\/\/www.europesays.com\/pt\/wp-json\/wp\/v2\/tags?post=62502"}],"curies":[{"name":"wp","href":"https:\/\/api.w.org\/{rel}","templated":true}]}}