{"id":62504,"date":"2025-09-07T20:11:11","date_gmt":"2025-09-07T20:11:11","guid":{"rendered":"https:\/\/www.europesays.com\/pt\/62504\/"},"modified":"2025-09-07T20:11:11","modified_gmt":"2025-09-07T20:11:11","slug":"o-heroi-que-continua-se-esforcando-para-nao-ser-nem-james-bond-nem-jason-bourne-esse-cara-nao-consegue-evitar-problemas-noticias-de-cinema","status":"publish","type":"post","link":"https:\/\/www.europesays.com\/pt\/62504\/","title":{"rendered":"O her\u00f3i que continua se esfor\u00e7ando para n\u00e3o ser nem James Bond, nem Jason Bourne: &#8220;Esse cara n\u00e3o consegue evitar problemas&#8221; &#8211; Not\u00edcias de cinema"},"content":{"rendered":"<p>Chega aos cinemas An\u00f4nimo 2, a sequ\u00eancia do bem-sucedido filme de a\u00e7\u00e3o lan\u00e7ado em 2021 com parte da equipe de John Wick.<\/p>\n<p class=\"bo-p\">Imagine Hutch Mansell, o pai de fam\u00edlia do vertiginoso <a href=\"https:\/\/www.adorocinema.com\/filmes\/filme-261793\/\" class=\"bo-link\" rel=\"nofollow noopener\" target=\"_blank\">An\u00f4nimo<\/a>, indo em uma g\u00f4ndola pelos canais de Veneza e lutando contra seus inimigos recorrendo a granadas. Como imagem \u00e9 espetacular, mas algo n\u00e3o combina com esse her\u00f3i do dia a dia que funcionou t\u00e3o bem no filme lan\u00e7ado em 2021. \u00c9 o que pensou o ator <a href=\"https:\/\/www.adorocinema.com\/personalidades\/personalidade-109034\/\" class=\"bo-link\" rel=\"nofollow noopener\" target=\"_blank\">Bob Odenkirk<\/a> quando leu o primeiro esbo\u00e7o escrito por <a href=\"https:\/\/www.adorocinema.com\/personalidades\/personalidade-585207\/\" class=\"bo-link\" rel=\"nofollow noopener\" target=\"_blank\">Derek Kolstad<\/a>.<\/p>\n<p class=\"bo-p\">&#8220;Derek Kolstad escreveu uma cena onde estou em uma g\u00f4ndola em Veneza, puxo uma lona, vejo armas e granadas. Adorei. Pensei: &#8216;Vai ser lindo e seria divertido ir \u00e0 It\u00e1lia&#8217;. E quanto mais eu pensava, mais dizia a mim mesmo: &#8216;N\u00e3o, n\u00e3o, esse \u00e9 James Bond. Esse \u00e9 Jason Bourne. Esse n\u00e3o \u00e9 Hutch. Ele n\u00e3o pode ir para a It\u00e1lia. Ele pode ir ao estado vizinho ap\u00f3s cinco horas de carro, e \u00e9 um pequeno parque aqu\u00e1tico e uma feira, e \u00e9 preciso aproveitar ao m\u00e1ximo'&#8221;, contou Odenkirk em uma entrevista ao espanhol <b>SensaCine<\/b>.<\/p>\n<p class=\"bo-p\">E Hutch, sem d\u00favida, aproveita ao m\u00e1ximo. Em An\u00f4nimo 2 &#8211; sequ\u00eancia que chegou aos cinemas em 21 de agosto -, o &#8220;an\u00f4nimo&#8221; do primeiro filme leva sua fam\u00edlia para merecidas f\u00e9rias na pequena cidade de Plummerville. No entanto, n\u00e3o consegue escapar dos problemas e enfrenta um operador corrupto de um parque tem\u00e1tico, um xerife suspeito e um chefe mafioso sedento por sangue.<\/p>\n<p class=\"bo-p\">&#8220;Sabe, todos n\u00f3s j\u00e1 estivemos nessas f\u00e9rias em fam\u00edlia, certo? \u00c9 bonita a ideia de um personagem como Hutch, que n\u00e3o est\u00e1 \u00e0 altura da fam\u00edlia. Ele n\u00e3o encontra o equil\u00edbrio em sua vida. Simplesmente n\u00e3o sabe como criar um equil\u00edbrio real. Ele precisa que Becca e as crian\u00e7as lhe digam o que tem que fazer. E o que ele faz, e o que \u00e9 incr\u00edvel do Bob, \u00e9 que consegue fazer Hutch voltar a ser ele mesmo&#8221;, conta <a href=\"https:\/\/www.adorocinema.com\/personalidades\/personalidade-32765\/\" class=\"bo-link\" rel=\"nofollow noopener\" target=\"_blank\">Connie Nielsen<\/a>, que interpreta a esposa de Hutch, Becca. Ela \u00e9 quem traz um toque mais humano \u00e0 hist\u00f3ria de a\u00e7\u00e3o e quem constantemente lembra ao protagonista o que realmente \u00e9 importante.<\/p>\n<p>                                <img loading=\"lazy\" decoding=\"async\" class=\"article-figure-img\" src=\"https:\/\/www.europesays.com\/pt\/wp-content\/uploads\/2025\/09\/bcbb404a4ca34efb374cb167a55da375.jpg\" width=\"640\" height=\"320\" alt=\"\"\/><\/p>\n<p>                                    Universal Pictures<\/p>\n<blockquote class=\"article-quote\" data-author=\"\" data-source=\"\"><p>\u00c9 uma hist\u00f3ria de amor, mas uma hist\u00f3ria de amor real. Somos adultos de verdade com opini\u00f5es diferentes e cr\u00edticos um com o outro, mas de uma forma muito afetuosa, como se dissesse: &#8216;Voc\u00ea n\u00e3o pode fracassar porque n\u00e3o vou deixar voc\u00ea fracassar&#8217;. Estamos juntos nessa.<\/p><\/blockquote>\n<p class=\"bo-p\">Embora a premissa seja que os Mansell est\u00e3o de f\u00e9rias, o verdadeiramente interessante aqui \u00e9 a facilidade do protagonista para se meter em brigas. &#8220;\u00c9 quase como se, embora ele se esforce muito, esse cara n\u00e3o conseguisse evitar se meter em problemas&#8221;, aponta o ator e compara com Saul Goodman, seu personagem na s\u00e9rie <a href=\"https:\/\/www.adorocinema.com\/series\/serie-16950\/\" class=\"bo-link\" rel=\"nofollow noopener\" target=\"_blank\">Better Call Saul<\/a>, &#8220;n\u00e3o acho que seja t\u00e3o diferente de Better Call Saul, exceto que h\u00e1 brigas. As brigas s\u00e3o diferentes. Sim, ok. Saul Goodman n\u00e3o briga. Mas Saul Goodman \u00e9 um homem tenaz. Nunca desiste. \u00c9 inteligente. E essas s\u00e3o as qualidades que Hutch tamb\u00e9m tem. Exceto que Hutch briga&#8221;.<\/p>\n<p class=\"bo-p\">A primeira parte foi um sucesso inesperado. Com 16 milh\u00f5es de d\u00f3lares de or\u00e7amento &#8211; o que \u00e9 considerado uma produ\u00e7\u00e3o pequena em Hollywood -, alcan\u00e7ou 55 milh\u00f5es em arrecada\u00e7\u00e3o, mas, principalmente, colocou Hutch como um dos lutadores do momento justo quando todo mundo adorava John Wick. N\u00e3o \u00e9 coincid\u00eancia, por tr\u00e1s de An\u00f4nimo est\u00e3o <a href=\"https:\/\/www.adorocinema.com\/personalidades\/personalidade-60116\/\" class=\"bo-link\" rel=\"nofollow noopener\" target=\"_blank\">David Leitch<\/a> e Derek Kolstad, diretor e roteirista de <a href=\"https:\/\/www.adorocinema.com\/filmes\/filme-221387\/\" class=\"bo-link\" rel=\"nofollow noopener\" target=\"_blank\">John Wick<\/a>, respectivamente. &#8220;An\u00f4nimo foi um filme muito pequeno. Fiquei muito surpreso que fosse feito. Obviamente, eu queria que fosse feito e ajudei a desenvolver a hist\u00f3ria e treinei para isso durante dois anos e meio, mas voc\u00ea sabe como \u00e9 Hollywood. Metade do tempo eles nem mesmo fazem o filme&#8221;, comenta Odenkirk.<\/p>\n<p>                                <img loading=\"lazy\" decoding=\"async\" class=\"article-figure-img\" src=\"https:\/\/www.europesays.com\/pt\/wp-content\/uploads\/2025\/09\/b50986ee2dd6fb04b08120ab7706d687.jpg\" width=\"640\" height=\"320\" alt=\"\"\/><\/p>\n<p>                                    Universal Pictures<\/p>\n<blockquote class=\"article-quote\" data-author=\"\" data-source=\"\"><p>Minhas expectativas eram que simplesmente d\u00e9ssemos tudo de n\u00f3s e possivelmente fracass\u00e1ssemos e possivelmente eu me envergonhasse. Mas sabe de uma coisa? Tudo bem. Estive na com\u00e9dia toda a minha vida. Parte de estar em uma com\u00e9dia \u00e9 estar disposto a se envergonhar.<\/p><\/blockquote>\n<p class=\"bo-p\">Por ent\u00e3o j\u00e1 estava plenamente entregue ao projeto: &#8220;Pensei: &#8216;bom, estou aprendendo a escrever e estou aprendendo sobre exerc\u00edcio, para o qual recebi treinamento gratuito durante dois anos e meio&#8217;. Se tivessem me ligado qualquer dia e me dito que n\u00e3o \u00edamos fazer o filme, eu teria sentido como se tivesse ganhado&#8221;.<\/p>\n<p class=\"bo-p\">Mas n\u00e3o ligaram para cancelar o projeto. Ele viu a luz em 2021 com uma boa recep\u00e7\u00e3o e, quatro anos depois, retorna \u00e0s telonas com uma sequ\u00eancia com mais a\u00e7\u00e3o, mais humor e mais fam\u00edlia. <\/p>\n","protected":false},"excerpt":{"rendered":"Chega aos cinemas An\u00f4nimo 2, a sequ\u00eancia do bem-sucedido filme de a\u00e7\u00e3o lan\u00e7ado em 2021 com parte da&hellip;\n","protected":false},"author":2,"featured_media":62505,"comment_status":"","ping_status":"","sticky":false,"template":"","format":"standard","meta":{"footnotes":""},"categories":[140],"tags":[114,115,147,148,146,32,33],"class_list":{"0":"post-62504","1":"post","2":"type-post","3":"status-publish","4":"format-standard","5":"has-post-thumbnail","7":"category-filmes","8":"tag-entertainment","9":"tag-entretenimento","10":"tag-film","11":"tag-filmes","12":"tag-movies","13":"tag-portugal","14":"tag-pt"},"share_on_mastodon":{"url":"","error":""},"_links":{"self":[{"href":"https:\/\/www.europesays.com\/pt\/wp-json\/wp\/v2\/posts\/62504","targetHints":{"allow":["GET"]}}],"collection":[{"href":"https:\/\/www.europesays.com\/pt\/wp-json\/wp\/v2\/posts"}],"about":[{"href":"https:\/\/www.europesays.com\/pt\/wp-json\/wp\/v2\/types\/post"}],"author":[{"embeddable":true,"href":"https:\/\/www.europesays.com\/pt\/wp-json\/wp\/v2\/users\/2"}],"replies":[{"embeddable":true,"href":"https:\/\/www.europesays.com\/pt\/wp-json\/wp\/v2\/comments?post=62504"}],"version-history":[{"count":0,"href":"https:\/\/www.europesays.com\/pt\/wp-json\/wp\/v2\/posts\/62504\/revisions"}],"wp:featuredmedia":[{"embeddable":true,"href":"https:\/\/www.europesays.com\/pt\/wp-json\/wp\/v2\/media\/62505"}],"wp:attachment":[{"href":"https:\/\/www.europesays.com\/pt\/wp-json\/wp\/v2\/media?parent=62504"}],"wp:term":[{"taxonomy":"category","embeddable":true,"href":"https:\/\/www.europesays.com\/pt\/wp-json\/wp\/v2\/categories?post=62504"},{"taxonomy":"post_tag","embeddable":true,"href":"https:\/\/www.europesays.com\/pt\/wp-json\/wp\/v2\/tags?post=62504"}],"curies":[{"name":"wp","href":"https:\/\/api.w.org\/{rel}","templated":true}]}}