{"id":62524,"date":"2025-09-07T20:40:08","date_gmt":"2025-09-07T20:40:08","guid":{"rendered":"https:\/\/www.europesays.com\/pt\/62524\/"},"modified":"2025-09-07T20:40:08","modified_gmt":"2025-09-07T20:40:08","slug":"video-ciclista-cai-na-vuelta-e-acaba-a-perseguir-manifestante-pro-palestina","status":"publish","type":"post","link":"https:\/\/www.europesays.com\/pt\/62524\/","title":{"rendered":"V\u00cdDEO: ciclista cai na Vuelta e acaba a perseguir manifestante pr\u00f3-Palestina"},"content":{"rendered":"<p data-end=\"294\" data-start=\"82\">A 15.\u00aa etapa da Volta \u00e0 Espanha ficou este domingo marcada por um incidente ins\u00f3lito e perigoso: o espanhol Javi Romo, da Movistar, caiu ap\u00f3s a aproxima\u00e7\u00e3o de um manifestante pr\u00f3-Palestina com uma bandeira.<\/p>\n<p data-end=\"677\" data-start=\"296\">O epis\u00f3dio ocorreu a cerca de 65 quil\u00f3metros do final da etapa entre Vegadeo e Monforte de Lemos. Nas imagens televisivas, \u00e9 poss\u00edvel ver o manifestante a correr junto \u00e0 berma, com a bandeira, e depois o pr\u00f3prio trope\u00e7a e acaba por cair.<\/p>\n<p data-end=\"677\" data-start=\"296\">Isto provocou a distra\u00e7\u00e3o de Romo que perdeu o controlo da bicicleta depois de apontar \u00e0 pol\u00edcia a presen\u00e7a do manifestante.<\/p>\n<p data-end=\"931\" data-start=\"679\">Logo a seguir, um elemento da seguran\u00e7a da prova tentou travar o manifestante, enquanto Romo, visivelmente irritado, ainda chegou a sair da bicicleta e correr atr\u00e1s do respons\u00e1vel pelo incidente. Segundos depois, voltou a montar e prosseguiu a etapa que acabou, mas sem se livrar das mazelas da queda.<\/p>\n<p data-end=\"1328\" data-start=\"933\">Esta edi\u00e7\u00e3o da Vuelta tem sido alvo de protestos pr\u00f3-Palestina. Na quarta-feira, a 11.\u00aa etapa que contava com uma chegada a Bilbau foi encurtada por receios de dist\u00farbios, enquanto na sexta-feira a corrida foi interrompida momentaneamente na subida para o Angliru. Nesses protestos, 12 pessoas foram detidas por perturba\u00e7\u00e3o da ordem p\u00fablica, segundo a Guarda Civil.<\/p>\n<p data-end=\"1505\" data-start=\"1330\"><strong>Veja aqui o momento da queda de Javi Romo:<\/strong><\/p>\n","protected":false},"excerpt":{"rendered":"A 15.\u00aa etapa da Volta \u00e0 Espanha ficou este domingo marcada por um incidente ins\u00f3lito e perigoso: o&hellip;\n","protected":false},"author":2,"featured_media":62525,"comment_status":"","ping_status":"","sticky":false,"template":"","format":"standard","meta":{"footnotes":""},"categories":[87],"tags":[1342,135,17400,46,1830,32,4256,33,47,134,14254],"class_list":{"0":"post-62524","1":"post","2":"type-post","3":"status-publish","4":"format-standard","5":"has-post-thumbnail","7":"category-desporto","8":"tag-ciclismo","9":"tag-desporto","10":"tag-javi-romo","11":"tag-maisfutebol","12":"tag-modalidades","13":"tag-portugal","14":"tag-protestos","15":"tag-pt","16":"tag-pura-paixao","17":"tag-sports","18":"tag-vuelta"},"share_on_mastodon":{"url":"","error":""},"_links":{"self":[{"href":"https:\/\/www.europesays.com\/pt\/wp-json\/wp\/v2\/posts\/62524","targetHints":{"allow":["GET"]}}],"collection":[{"href":"https:\/\/www.europesays.com\/pt\/wp-json\/wp\/v2\/posts"}],"about":[{"href":"https:\/\/www.europesays.com\/pt\/wp-json\/wp\/v2\/types\/post"}],"author":[{"embeddable":true,"href":"https:\/\/www.europesays.com\/pt\/wp-json\/wp\/v2\/users\/2"}],"replies":[{"embeddable":true,"href":"https:\/\/www.europesays.com\/pt\/wp-json\/wp\/v2\/comments?post=62524"}],"version-history":[{"count":0,"href":"https:\/\/www.europesays.com\/pt\/wp-json\/wp\/v2\/posts\/62524\/revisions"}],"wp:featuredmedia":[{"embeddable":true,"href":"https:\/\/www.europesays.com\/pt\/wp-json\/wp\/v2\/media\/62525"}],"wp:attachment":[{"href":"https:\/\/www.europesays.com\/pt\/wp-json\/wp\/v2\/media?parent=62524"}],"wp:term":[{"taxonomy":"category","embeddable":true,"href":"https:\/\/www.europesays.com\/pt\/wp-json\/wp\/v2\/categories?post=62524"},{"taxonomy":"post_tag","embeddable":true,"href":"https:\/\/www.europesays.com\/pt\/wp-json\/wp\/v2\/tags?post=62524"}],"curies":[{"name":"wp","href":"https:\/\/api.w.org\/{rel}","templated":true}]}}