{"id":62542,"date":"2025-09-07T21:15:52","date_gmt":"2025-09-07T21:15:52","guid":{"rendered":"https:\/\/www.europesays.com\/pt\/62542\/"},"modified":"2025-09-07T21:15:52","modified_gmt":"2025-09-07T21:15:52","slug":"esta-foi-a-melhor-forma-de-homenagear-diogo-jota-cronica","status":"publish","type":"post","link":"https:\/\/www.europesays.com\/pt\/62542\/","title":{"rendered":"Esta foi a melhor forma de homenagear Diogo Jota (cr\u00f3nica)"},"content":{"rendered":"<p>Cruzamento de <a target=\"_blank\" class=\"editor-link autolink-enabled\" href=\"https:\/\/www.abola.pt\/futebol\/jogador\/pedro-neto-177517\" data-resource-id=\"177517\" data-resource-type=\"player\" data-sport=\"football\" rel=\"nofollow noopener\">Pedro Neto<\/a>, <a target=\"_blank\" class=\"editor-link autolink-enabled\" href=\"https:\/\/www.abola.pt\/futebol\/jogador\/cristiano-ronaldo-3400\" data-resource-id=\"3400\" data-resource-type=\"player\" data-sport=\"football\" rel=\"nofollow noopener\">Cristiano Ronaldo<\/a> apareceu e encostou para o fundo das redes. Um momento de emo\u00e7\u00e3o no est\u00e1dio, que celebrou como se de um golo da casa se tratasse, e pleno de significado: numa partida que marcou o regresso de <a target=\"_blank\" class=\"editor-link autolink-enabled\" href=\"https:\/\/www.abola.pt\/futebol\/portugal-1651\" data-resource-id=\"1651\" data-resource-type=\"team\" data-sport=\"football\" rel=\"nofollow noopener\">Portugal<\/a> \u00e0 competi\u00e7\u00e3o desde a morte de <a target=\"_blank\" class=\"editor-link autolink-enabled\" href=\"https:\/\/www.abola.pt\/futebol\/jogador\/diogo-jota-8496\" data-resource-id=\"8496\" data-resource-type=\"player\" data-sport=\"football\" rel=\"nofollow noopener\">Diogo Jota<\/a>, o capit\u00e3o fez, na altura, o 2-0, ao minuto 21, o mesmo n\u00famero que o antigo internacional portugu\u00eas usava ao servi\u00e7o da Sele\u00e7\u00e3o Nacional. Num jogo que come\u00e7ou precisamente com um minuto de sil\u00eancio em homenagem a Jota, a exibi\u00e7\u00e3o portuguesa mostrou-se digna de respeitar o legado do antigo companheiro. Uma presta\u00e7\u00e3o em crescendo at\u00e9 pouco depois da hora de jogo, que estabilizou ap\u00f3s o 5-0 final, e que n\u00e3o deixou qualquer sombra de d\u00favida sobre a justi\u00e7a da vit\u00f3ria frente \u00e0 <a class=\"autolink-enabled\" data-resource-id=\"2173\" data-resource-type=\"team\" data-sport=\"football\" href=\"https:\/\/www.abola.pt\/futebol\/armenia-2173\" rel=\"nofollow noopener\" target=\"_blank\">Arm\u00e9nia<\/a>.<\/p>\n<p>\u00c9 certo que a Sele\u00e7\u00e3o Nacional se apresenta agora com mais qualidade que mostrava na vit\u00f3ria por 3-2 em 2015 ou no empate por 1-1 em 2007 em casa dos arm\u00e9nios, mas nem por isso este deixava de ser um terreno potencialmente dif\u00edcil, sobretudo numa fase t\u00e3o inicial deste percurso rumo ao Mundial 2026. A sele\u00e7\u00e3o da casa tamb\u00e9m tratou de, entre os 10 e os 20 minutos, colocar em sentido a defesa portuguesa. A li\u00e7\u00e3o estava bem estudada: manter compacto o 5x3x2 e aproveitar rapidamente a subida dos laterais portugueses para criar igualdade num\u00e9rica. Ainda causou algum respeito nesse espa\u00e7o de tempo e ficou na mem\u00f3ria, aos 44\u2019, uma arrancada do capit\u00e3o Barseghyan que ainda entusiasmou o est\u00e1dio.<\/p>\n<p><a class=\"autolink-enabled\" data-resource-id=\"13\" data-resource-type=\"competition\" data-sport=\"football\" href=\"https:\/\/www.abola.pt\/futebol\/competicao\/liga-portugal-betclic-13\" rel=\"nofollow noopener\" target=\"_blank\">Portugal<\/a> conseguiu, ainda assim e sem qualquer surpresa, controlar sempre o jogo. A partir de tr\u00e1s, <a class=\"autolink-enabled\" data-resource-id=\"210023\" data-resource-type=\"player\" data-sport=\"football\" href=\"https:\/\/www.abola.pt\/futebol\/jogador\/vitinha-210023\" rel=\"nofollow noopener\" target=\"_blank\">Vitinha<\/a> foi pautando o ritmo e, perante a aus\u00eancia de press\u00e3o advers\u00e1ria, assumiu cada vez mais a progress\u00e3o com bola, algo que deu qualidade \u00e0 equipa portuguesa. O jogo da Sele\u00e7\u00e3o no primeiro tempo incidiu sobretudo pelo corredor direito, onde <a class=\"autolink-enabled\" data-resource-id=\"177517\" data-resource-type=\"player\" data-sport=\"football\" href=\"https:\/\/www.abola.pt\/futebol\/jogador\/pedro-neto-177517\" rel=\"nofollow noopener\" target=\"_blank\">Pedro Neto<\/a> e <a class=\"autolink-enabled\" data-resource-id=\"3912\" data-resource-type=\"player\" data-sport=\"football\" href=\"https:\/\/www.abola.pt\/futebol\/jogador\/joao-cancelo-3912\" rel=\"nofollow noopener\" target=\"_blank\">Jo\u00e3o Cancelo<\/a> assumiram mais protagonismo que <a class=\"autolink-enabled\" data-resource-id=\"5137\" data-resource-type=\"player\" data-sport=\"football\" href=\"https:\/\/www.abola.pt\/futebol\/jogador\/bruno-fernandes-5137\" rel=\"nofollow noopener\" target=\"_blank\">Bruno Fernandes<\/a> e <a class=\"autolink-enabled\" data-resource-id=\"222184\" data-resource-type=\"player\" data-sport=\"football\" href=\"https:\/\/www.abola.pt\/futebol\/jogador\/nuno-mendes-222184\" rel=\"nofollow noopener\" target=\"_blank\">Nuno Mendes<\/a>, mais desca\u00eddos para a esquerda.<\/p>\n<p>Foi, ali\u00e1s, um regresso de sonho para <a target=\"_blank\" class=\"editor-link autolink-enabled\" href=\"https:\/\/www.abola.pt\/futebol\/jogador\/joao-cancelo-3912\" data-resource-id=\"3912\" data-resource-type=\"player\" data-sport=\"football\" rel=\"nofollow noopener\"><a class=\"autolink-enabled\" data-resource-id=\"3912\" data-resource-type=\"player\" data-sport=\"football\" href=\"https:\/\/www.abola.pt\/futebol\/jogador\/joao-cancelo-3912\" rel=\"nofollow noopener\" target=\"_blank\">Cancelo<\/a>, que representou a Sele\u00e7\u00e3o pela primeira vez desde novembro do ano passado. Teve liberdade para bailar, encontrar-se no 1 para 1 e mostrar como \u00e9, ainda, um dos mais talentosos laterais do globo. 10 minutos bastaram para que encontrasse a cabe\u00e7a de <a target=\"_blank\" class=\"editor-link autolink-enabled\" href=\"https:\/\/www.abola.pt\/futebol\/jogador\/joao-felix-125040\" data-resource-id=\"125040\" data-resource-type=\"player\" data-sport=\"football\" rel=\"nofollow noopener\"><a class=\"autolink-enabled\" data-resource-id=\"125040\" data-resource-type=\"player\" data-sport=\"football\" href=\"https:\/\/www.abola.pt\/futebol\/jogador\/joao-felix-125040\" rel=\"nofollow noopener\" target=\"_blank\">Jo\u00e3o F\u00e9lix<\/a> ap\u00f3s sentar o opositor direto para o avan\u00e7ado do <a target=\"_blank\" class=\"editor-link autolink-enabled\" href=\"https:\/\/www.abola.pt\/futebol\/al-nassr-1681\" data-resource-id=\"1681\" data-resource-type=\"team\" data-sport=\"football\" rel=\"nofollow noopener\"><a class=\"autolink-enabled\" data-resource-id=\"1681\" data-resource-type=\"team\" data-sport=\"football\" href=\"https:\/\/www.abola.pt\/futebol\/al-nassr-1681\" rel=\"nofollow noopener\" target=\"_blank\">Al Nassr<\/a> fazer o sexto golo em quatro jogos em 2025\/26. Aos 21\u2019, <a class=\"autolink-enabled\" data-resource-id=\"3400\" data-resource-type=\"player\" data-sport=\"football\" href=\"https:\/\/www.abola.pt\/futebol\/jogador\/cristiano-ronaldo-3400\" rel=\"nofollow noopener\" target=\"_blank\">Cristiano Ronaldo<\/a> fez o j\u00e1 mencionado 2-0 e apontou para o c\u00e9u, dedicando o golo ao pai, no dia que marcou os 20 anos da morte do progenitor. 11 minutos depois voltou a tentar, mas o disparo foi defendido por <a class=\"autolink-enabled\" data-resource-id=\"48368\" data-resource-type=\"player\" data-sport=\"football\" href=\"https:\/\/www.abola.pt\/futebol\/jogador\/artur-avagyan-48368\" rel=\"nofollow noopener\" target=\"_blank\">Avagyan<\/a>, mas, no seguimento da jogada, a bola sobrou para <a class=\"autolink-enabled\" data-resource-id=\"3912\" data-resource-type=\"player\" data-sport=\"football\" href=\"https:\/\/www.abola.pt\/futebol\/jogador\/joao-cancelo-3912\" rel=\"nofollow noopener\" target=\"_blank\">Cancelo<\/a> que, \u00e0 entrada da \u00e1rea, fez o 3-0 e carimbou uma primeira parte de excelente n\u00edvel.<\/p>\n<p>Era esse o resultado ao intervalo e o marcador refletia bem a diferen\u00e7a no marcador. \u00c9 certo que <a target=\"_blank\" class=\"editor-link autolink-enabled\" href=\"https:\/\/www.abola.pt\/futebol\/portugal-1651\" data-resource-id=\"1651\" data-resource-type=\"team\" data-sport=\"football\" rel=\"nofollow noopener\">Portugal<\/a> n\u00e3o havia conseguido estancar todas as arrancadas da equipa advers\u00e1ria, mas n\u00e3o chegou a permitir qualquer remate \u00e0 baliza. Dom\u00ednio avassalador e efic\u00e1cia quase perfeita: cinco remates \u00e0 baliza, tr\u00eas golos. Estava bem espelhada a superioridade no primeiro tempo e, no segundo, tudo ficaria fechado bem cedo.<\/p>\n<p>Os primeiros 17 minutos do segundo tempo foram um vendaval ofensivo de Portugal. 10 anos depois, mais ou menos do mesmo s\u00edtio, <a target=\"_blank\" class=\"editor-link autolink-enabled\" href=\"https:\/\/www.abola.pt\/futebol\/jogador\/cristiano-ronaldo-3400\" data-resource-id=\"3400\" data-resource-type=\"player\" data-sport=\"football\" rel=\"nofollow noopener\">Cristiano Ronaldo<\/a> voltou a fazer como em 2015: um disparo de meia dist\u00e2ncia aos 46&#8242; s\u00f3 parou no fundo das redes da <a target=\"_blank\" class=\"editor-link autolink-enabled\" href=\"https:\/\/www.abola.pt\/futebol\/armenia-2173\" data-resource-id=\"2173\" data-resource-type=\"team\" data-sport=\"football\" rel=\"nofollow noopener\">Arm\u00e9nia<\/a> \u2014 na altura foi o golo 55 pela Sele\u00e7\u00e3o, agora foi 140.\u00ba. A press\u00e3o portuguesa engoliu por completo os advers\u00e1rios, que n\u00e3o conseguiram ter resposta, nem em qualidade nem em velocidade, para o \u00edmpeto imprimido pelos portugueses nessa fase, que culminou com um toque art\u00edstico de <a target=\"_blank\" class=\"editor-link autolink-enabled\" href=\"https:\/\/www.abola.pt\/futebol\/jogador\/joao-felix-125040\" data-resource-id=\"125040\" data-resource-type=\"player\" data-sport=\"football\" rel=\"nofollow noopener\">F\u00e9lix<\/a> a passe de <a target=\"_blank\" class=\"editor-link autolink-enabled\" href=\"https:\/\/www.abola.pt\/futebol\/jogador\/goncalo-ramos-194315\" data-resource-id=\"194315\" data-resource-type=\"player\" data-sport=\"football\" rel=\"nofollow noopener\">Gon\u00e7alo Ramos<\/a> aos 61\u2019. Estava feito o 5-0 e, pelo meio destes dois golos, j\u00e1 <a target=\"_blank\" class=\"editor-link autolink-enabled\" href=\"https:\/\/www.abola.pt\/futebol\/jogador\/bruno-fernandes-124973\" data-resource-id=\"124973\" data-resource-type=\"player\" data-sport=\"football\" rel=\"nofollow noopener\">Bruno Fernandes<\/a> havia atirado ao poste. Depois da avalanche de controlo do primeiro tempo, com 75% de posse de bola, uma onda de verticalidade atirou para terra qualquer \u00edmpeto dos arm\u00e9nios.<\/p>\n<p>Depois disso\u2026 foi s\u00f3 respirar. N\u00e3o \u00e9 que Portugal n\u00e3o tenha conseguido criar perigo, com Pedro Gon\u00e7alves, em duas ocasi\u00f5es, a ficar muito perto de se estrear a marcar com a camisola das quinas. Mas, por essa altura, j\u00e1 Roberto Mart\u00ednez tinha feito substitui\u00e7\u00f5es e Portugal descansava com bola, acelerando aqui e ali, num claro gesto de gest\u00e3o f\u00edsica e do jogo. A Arm\u00e9nia ainda obrigou Diogo Costa a tr\u00eas interven\u00e7\u00f5es, mas todas elas encaixadas com serenidade.<\/p>\n<p><a target=\"_blank\" class=\"editor-link autolink-enabled\" href=\"https:\/\/www.abola.pt\/futebol\/portugal-1651\" data-resource-id=\"1651\" data-resource-type=\"team\" data-sport=\"football\" rel=\"nofollow noopener\">Portugal<\/a> teve a efic\u00e1cia no primeiro tempo, sufocou no in\u00edcio do segundo e geriu durante quase meia hora sem sofrer golos. A efic\u00e1cia da primeira parte n\u00e3o regressou para a segunda, mas perante tanto caudal ofensivo, sobretudo contra um advers\u00e1rio que foi, aos poucos, perdendo a capacidade de resposta e o entusiasmo de quem enfrentava uma das melhores sele\u00e7\u00f5es do Mundo, n\u00e3o chegou a ser necess\u00e1rio. Neste regresso \u00e0 competi\u00e7\u00e3o, <a target=\"_blank\" class=\"editor-link autolink-enabled\" href=\"https:\/\/www.abola.pt\/futebol\/portugal-1651\" data-resource-id=\"1651\" data-resource-type=\"team\" data-sport=\"football\" rel=\"nofollow noopener\">Portugal<\/a> homenageou um dos seus com aquilo que melhor podia fazer: um jogo muito positivo a todos os n\u00edveis e os tr\u00eas pontos.<\/p>\n","protected":false},"excerpt":{"rendered":"Cruzamento de Pedro Neto, Cristiano Ronaldo apareceu e encostou para o fundo das redes. Um momento de emo\u00e7\u00e3o&hellip;\n","protected":false},"author":2,"featured_media":62543,"comment_status":"","ping_status":"","sticky":false,"template":"","format":"standard","meta":{"footnotes":""},"categories":[8],"tags":[27,28,15,16,14,25,26,21,22,12,13,19,20,32,23,24,33,17,18,29,30,31],"class_list":{"0":"post-62542","1":"post","2":"type-post","3":"status-publish","4":"format-standard","5":"has-post-thumbnail","7":"category-principais-noticias","8":"tag-breaking-news","9":"tag-breakingnews","10":"tag-featured-news","11":"tag-featurednews","12":"tag-headlines","13":"tag-latest-news","14":"tag-latestnews","15":"tag-main-news","16":"tag-mainnews","17":"tag-news","18":"tag-noticias","19":"tag-noticias-principais","20":"tag-noticiasprincipais","21":"tag-portugal","22":"tag-principais-noticias","23":"tag-principaisnoticias","24":"tag-pt","25":"tag-top-stories","26":"tag-topstories","27":"tag-ultimas","28":"tag-ultimas-noticias","29":"tag-ultimasnoticias"},"share_on_mastodon":{"url":"","error":""},"_links":{"self":[{"href":"https:\/\/www.europesays.com\/pt\/wp-json\/wp\/v2\/posts\/62542","targetHints":{"allow":["GET"]}}],"collection":[{"href":"https:\/\/www.europesays.com\/pt\/wp-json\/wp\/v2\/posts"}],"about":[{"href":"https:\/\/www.europesays.com\/pt\/wp-json\/wp\/v2\/types\/post"}],"author":[{"embeddable":true,"href":"https:\/\/www.europesays.com\/pt\/wp-json\/wp\/v2\/users\/2"}],"replies":[{"embeddable":true,"href":"https:\/\/www.europesays.com\/pt\/wp-json\/wp\/v2\/comments?post=62542"}],"version-history":[{"count":0,"href":"https:\/\/www.europesays.com\/pt\/wp-json\/wp\/v2\/posts\/62542\/revisions"}],"wp:featuredmedia":[{"embeddable":true,"href":"https:\/\/www.europesays.com\/pt\/wp-json\/wp\/v2\/media\/62543"}],"wp:attachment":[{"href":"https:\/\/www.europesays.com\/pt\/wp-json\/wp\/v2\/media?parent=62542"}],"wp:term":[{"taxonomy":"category","embeddable":true,"href":"https:\/\/www.europesays.com\/pt\/wp-json\/wp\/v2\/categories?post=62542"},{"taxonomy":"post_tag","embeddable":true,"href":"https:\/\/www.europesays.com\/pt\/wp-json\/wp\/v2\/tags?post=62542"}],"curies":[{"name":"wp","href":"https:\/\/api.w.org\/{rel}","templated":true}]}}