{"id":62682,"date":"2025-09-08T02:22:23","date_gmt":"2025-09-08T02:22:23","guid":{"rendered":"https:\/\/www.europesays.com\/pt\/62682\/"},"modified":"2025-09-08T02:22:23","modified_gmt":"2025-09-08T02:22:23","slug":"al-nassr-reclama-creditos-por-cristiano-ronaldo-e-joao-felix-na-armenia","status":"publish","type":"post","link":"https:\/\/www.europesays.com\/pt\/62682\/","title":{"rendered":"Al Nassr &#8216;reclama&#8217; cr\u00e9ditos por Cristiano Ronaldo e Jo\u00e3o F\u00e9lix na Arm\u00e9nia"},"content":{"rendered":"<p>O Al Nassr n\u00e3o tardou em recorrer \u00e0s redes sociais, este s\u00e1bado, para assinalar o <a href=\"https:\/\/www.noticiasaominuto.com\/desporto\/2849011\/esta-e-por-diogo-jota-felix-imita-cristiano-ronaldo-e-portugal-goleia\" target=\"_blank\" rel=\"noopener nofollow\">&#8216;show&#8217; de Cristiano Ronaldo e Jo\u00e3o F\u00e9lix<\/a>, na <a href=\"https:\/\/www.noticiasaominuto.com\/desporto\/2849504\/cristiano-ronaldo-honrou-sinal-de-diogo-jota-para-a-gloria-de-portugal\" target=\"_blank\" rel=\"noopener nofollow\">goleada de Portugal diante da Arm\u00e9nia (0-5)<\/a>, em Erevan, no arranque vitorioso da fase de qualifica\u00e7\u00e3o para o Campeonato do Mundo de 2026.<\/p>\n<p>Os dois avan\u00e7ados do clube orientado por Jorge Jesus apontaram um bis cada e, embora Jo\u00e3o Cancelo (do rival Al Hilal) tenha tamb\u00e9m &#8216;faturado&#8217; pelo meio, o Al Nassr n\u00e3o hesitou em falar de uma &#8220;noite amarela&#8221; da sele\u00e7\u00e3o das quinas em territ\u00f3rio arm\u00e9nio.<\/p>\n<p>&#8220;Noite amarela na Arm\u00e9nia. O capit\u00e3o do Al Nassr, Cristiano Ronaldo, brilhou. Jo\u00e3o F\u00e9lix, a nossa estrela. Muito bem, rapazes&#8221;, escreveu o clube de Riade na sua conta da rede social X (antigo Twitter).<\/p>\n<p>\u00a0<\/p>\n<blockquote class=\"twitter-tweet\"><p>&#13;<\/p>\n<p dir=\"rtl\" lang=\"ar\">\u0644\u064a\u0644\u0629 \u0635\u0641\u0640\u0631\u0627\u0621 \u0641\u064a \u0623\u0631\u0645\u064a\u0646\u064a\u0627 \ud83c\uddf5\ud83c\uddf9<br \/>\u062a\u0623\u0644\u064e\u0651\u0640\u0642 \u0641\u064a\u0647\u0627 \u0642\u0627\u0626\u062f <a href=\"https:\/\/twitter.com\/hashtag\/%D8%A7%D9%84%D9%86%D8%B5%D8%B1?src=hash&amp;ref_src=twsrc%5Etfw\" rel=\"nofollow noopener\" target=\"_blank\">#\u0627\u0644\u0646\u0635\u0631<\/a> \u0627\u0644\u0633\u0639\u0648\u062f\u064a .. \u0643\u0631\u064a\u0633\u062a\u064a\u0627\u0646\u0648 \u0631\u0648\u0646\u0627\u0644\u062f\u0648 <br \/>\u0648\u0646\u062c\u0645\u0646\u0627 .. \u062c\u0648\u0627\u0648 \u0641\u064a\u0644\u064a\u0643\u0633 \ud83e\ude84<\/p>\n<p>\u0623\u0644\u0641 \u0645\u0628\u0631\u0648\u0643 \u0644\u0646\u062c\u0645\u064a\u0651 <a href=\"https:\/\/twitter.com\/hashtag\/%D8%A7%D9%84%D8%B9%D8%A7%D9%84%D9%85%D9%8A?src=hash&amp;ref_src=twsrc%5Etfw\" rel=\"nofollow noopener\" target=\"_blank\">#\u0627\u0644\u0639\u0627\u0644\u0645\u064a<\/a>! \ud83e\udd29 <a href=\"https:\/\/t.co\/xlUx1savEH\" rel=\"nofollow\">pic.twitter.com\/xlUx1savEH<\/a><\/p>\n<p>&#13;<br \/>\n                                                    \u2014 \u0646\u0627\u062f\u064a \u0627\u0644\u0646\u0635\u0631 \u0627\u0644\u0633\u0639\u0648\u062f\u064a (@AlNassrFC) <a href=\"https:\/\/twitter.com\/AlNassrFC\/status\/1964389709968282109?ref_src=twsrc%5Etfw\" rel=\"nofollow noopener\" target=\"_blank\">September 6, 2025<\/a><\/p><\/blockquote>\n<p>O que disseram os dois colegas de equipa&#8230; e de sele\u00e7\u00e3o?<\/p>\n<p>Ap\u00f3s o apito final na goleada portuguesa, Cristiano Ronaldo e Jo\u00e3o F\u00e9lix recorreram \u00e0s redes sociais, este s\u00e1bado, para deixar uma (curta) rea\u00e7\u00e3o ao arranque vitorioso de Portugal na fase de qualifica\u00e7\u00e3o para o Campeonato do Mundo de 2026.<\/p>\n<p>&#8220;Primeiro passo dado&#8221;, escreveu o avan\u00e7ado madeirense, de 40 anos, acrescentando ainda dois emojis, com um sinal &#8216;certo&#8217; em verde e ainda a bandeira de Portugal.<\/p>\n<blockquote class=\"twitter-tweet\"><p>&#13;<\/p>\n<p dir=\"ltr\" lang=\"pt\">Primeiro passo dado \ud83c\uddf5\ud83c\uddf9 <a href=\"https:\/\/t.co\/A7vIIzb4L7\" rel=\"nofollow\">pic.twitter.com\/A7vIIzb4L7<\/a><\/p>\n<p>&#13;<br \/>\n                                                    \u2014 Cristiano Ronaldo (@Cristiano) <a href=\"https:\/\/twitter.com\/Cristiano\/status\/1964393360082215312?ref_src=twsrc%5Etfw\" rel=\"nofollow noopener\" target=\"_blank\">September 6, 2025<\/a><\/p><\/blockquote>\n<p>&#8220;Arranque perfeito na qualifica\u00e7\u00e3o para o Mundial&#8221;, anotou o ex-Benfica, com dois emojis distintos: um cora\u00e7\u00e3o vermelho e uma estrela, em mem\u00f3ria de Diogo Jota.<\/p>\n<p>A\u00a0<a href=\"https:\/\/www.noticiasaominuto.com\/desporto\/2849391\/momento-emocionante-diogo-jota-recordado-no-regresso-de-portugal\" target=\"_blank\" rel=\"noopener nofollow\">homenagem ao ex-Liverpool<\/a>\u00a0arrancou com o golo de Jo\u00e3o F\u00e9lix, logo ao minuto 10, seguindo-se o pormenor especial no tento certeiro apontado por Cristiano Ronaldo, uma vez que foi apontado ao minuto 21, o antigo n\u00famero da camisola de Diogo Jota, que morreu na sequ\u00eancia de um acidente de via\u00e7\u00e3o, no passado dia 3 de julho.<\/p>\n<p>                                                    <img decoding=\"async\" src=\"https:\/\/www.europesays.com\/pt\/wp-content\/uploads\/2025\/09\/naom_68bc658dd5561.jpg\" border=\"0\" alt=\"Estava destinado? Cristiano Ronaldo dedica golo a Diogo Jota ao minuto 21\"\/><\/p>\n<p>Cristiano Ronaldo ampliou a vantagem de Portugal na Arm\u00e9nia para dois golos, este s\u00e1bado, com uma homenagem especial a Diogo Jota, ao minuto 21, o n\u00famero da camisola do antigo futebolista portugu\u00eas, que morreu na sequ\u00eancia de um acidente de via\u00e7\u00e3o, no passado dia 3 de julho.<\/p>\n<p>                                                     Miguel Sim\u00f5es | 18:06 &#8211; 06\/09\/2025 <\/p>\n<p>Se n\u00e3o estava destinado, parecia. Na sequ\u00eancia do golo que ditou, na altura, o 0-2 no marcador, Cristiano Ronaldo &#8216;ecoou&#8217; o c\u00e9lebre &#8216;Siii&#8217; junto a uma das bandeirolas de canto e n\u00e3o hesitou em apontar para o c\u00e9u, em mem\u00f3ria do seu ex-companheiro de sele\u00e7\u00e3o, batendo ainda no peito. No arranque do segundo tempo, ao minuto 46, acabaria por selar o bis, com um gola\u00e7o de fora da \u00e1rea (0-4), sendo depois substitu\u00eddo por Gon\u00e7alo Ramos aos 58 minutos.<\/p>\n<p>O quinto e \u00faltimo golo de Portugal pertenceu \u00e0 autoria de Jo\u00e3o F\u00e9lix, contratado no mais recente mercado de ver\u00e3o, ao &#8216;imitar&#8217; o seu colega de clube e de sele\u00e7\u00e3o, com um bis, aos 61 minutos.<\/p>\n<p>Leia Tamb\u00e9m: <a href=\"https:\/\/www.noticiasaominuto.com\/desporto\/2849634\/ha-tres-certezas-na-vida-morte-impostos-e-golos-de-cristiano-ronaldo\" target=\"_blank\" rel=\"noopener noreferrer nofollow\">&#8220;H\u00e1 tr\u00eas certezas na vida: morte, impostos e golos de Cristiano Ronaldo&#8221;<\/a><\/p>\n<p>Leia Tamb\u00e9m: <a href=\"https:\/\/www.noticiasaominuto.com\/desporto\/2849644\/novas-imagens-mostram-gesto-viral-de-cristiano-ronaldo-com-crianca\" target=\"_blank\" rel=\"noopener noreferrer nofollow\">Novas imagens mostram gesto (viral) de Cristiano Ronaldo com crian\u00e7a<\/a><\/p>\n<p>                                            <script async src=\"https:\/\/platform.twitter.com\/widgets.js\" charset=\"utf-8\"><\/script><\/p>\n","protected":false},"excerpt":{"rendered":"O Al Nassr n\u00e3o tardou em recorrer \u00e0s redes sociais, este s\u00e1bado, para assinalar o &#8216;show&#8217; de Cristiano&hellip;\n","protected":false},"author":2,"featured_media":62683,"comment_status":"","ping_status":"","sticky":false,"template":"","format":"standard","meta":{"footnotes":""},"categories":[8],"tags":[27,28,15,16,14,25,26,21,22,12,13,19,20,32,23,24,33,17,18,29,30,31],"class_list":{"0":"post-62682","1":"post","2":"type-post","3":"status-publish","4":"format-standard","5":"has-post-thumbnail","7":"category-principais-noticias","8":"tag-breaking-news","9":"tag-breakingnews","10":"tag-featured-news","11":"tag-featurednews","12":"tag-headlines","13":"tag-latest-news","14":"tag-latestnews","15":"tag-main-news","16":"tag-mainnews","17":"tag-news","18":"tag-noticias","19":"tag-noticias-principais","20":"tag-noticiasprincipais","21":"tag-portugal","22":"tag-principais-noticias","23":"tag-principaisnoticias","24":"tag-pt","25":"tag-top-stories","26":"tag-topstories","27":"tag-ultimas","28":"tag-ultimas-noticias","29":"tag-ultimasnoticias"},"share_on_mastodon":{"url":"","error":""},"_links":{"self":[{"href":"https:\/\/www.europesays.com\/pt\/wp-json\/wp\/v2\/posts\/62682","targetHints":{"allow":["GET"]}}],"collection":[{"href":"https:\/\/www.europesays.com\/pt\/wp-json\/wp\/v2\/posts"}],"about":[{"href":"https:\/\/www.europesays.com\/pt\/wp-json\/wp\/v2\/types\/post"}],"author":[{"embeddable":true,"href":"https:\/\/www.europesays.com\/pt\/wp-json\/wp\/v2\/users\/2"}],"replies":[{"embeddable":true,"href":"https:\/\/www.europesays.com\/pt\/wp-json\/wp\/v2\/comments?post=62682"}],"version-history":[{"count":0,"href":"https:\/\/www.europesays.com\/pt\/wp-json\/wp\/v2\/posts\/62682\/revisions"}],"wp:featuredmedia":[{"embeddable":true,"href":"https:\/\/www.europesays.com\/pt\/wp-json\/wp\/v2\/media\/62683"}],"wp:attachment":[{"href":"https:\/\/www.europesays.com\/pt\/wp-json\/wp\/v2\/media?parent=62682"}],"wp:term":[{"taxonomy":"category","embeddable":true,"href":"https:\/\/www.europesays.com\/pt\/wp-json\/wp\/v2\/categories?post=62682"},{"taxonomy":"post_tag","embeddable":true,"href":"https:\/\/www.europesays.com\/pt\/wp-json\/wp\/v2\/tags?post=62682"}],"curies":[{"name":"wp","href":"https:\/\/api.w.org\/{rel}","templated":true}]}}