{"id":62721,"date":"2025-09-08T04:48:14","date_gmt":"2025-09-08T04:48:14","guid":{"rendered":"https:\/\/www.europesays.com\/pt\/62721\/"},"modified":"2025-09-08T04:48:14","modified_gmt":"2025-09-08T04:48:14","slug":"veja-onde-assistir-o-vma-2025-ao-vivo","status":"publish","type":"post","link":"https:\/\/www.europesays.com\/pt\/62721\/","title":{"rendered":"Veja onde assistir o VMA 2025 ao vivo"},"content":{"rendered":"<p>O <strong>Video Music Awards (VMA) 2025<\/strong> acontece neste domingo (7) e a MTV se prepara para premiar os melhores artistas, m\u00fasicas, \u00e1lbuns e muito mais. O evento ter\u00e1 transmiss\u00e3o ao vivo no Brasil.<\/p>\n<p>Entre os destaques das nomea\u00e7\u00f5es, <a href=\"https:\/\/www.infomoney.com.br\/tudo-sobre\/lady-gaga\" target=\"_blank\" rel=\"noreferrer noopener nofollow\">Lady Gaga \u00e9 a artista mais indicada deste ano, concorrendo em 12 categorias<\/a>. Bruno Mars e Kendrick Lamar completam o p\u00f3dio, indicados em 11 e 10 categorias, respectivamente. <\/p>\n<p>A<strong> principal premia\u00e7\u00e3o do MTV considera os trabalhos lan\u00e7ados entre agosto de 2024 at\u00e9 julho de 2025.<\/strong> Confira a <a href=\"https:\/\/www.infomoney.com.br\/consumo\/vma-2025-indicados-lady-gaga-bruno-mars-the-weeknd\/\" target=\"_blank\" rel=\"noreferrer noopener nofollow\">lista completa de indicados ao VMA<\/a>.<\/p>\n<p class=\"py-2\">Continua depois da publicidade<\/p>\n<p>A noite ter\u00e1 ainda diversas performances dos indicados, incluindo Lady Gaga, Doja Cat, Sabrina Carpenter, Post Malone, J Balvin e grupos de K-pop.<\/p>\n<p>Onde assistir o VMA 2025?<\/p>\n<p>Para conferir todas as apresenta\u00e7\u00f5es, pr\u00eamios e acompanhar os artistas em tempo real, o VMA ter\u00e1 transmiss\u00e3o ao vivo pelos canais da MTV, Paramount+ (streaming) e Pluto TV (streaming).<\/p>\n<p>A programa\u00e7\u00e3o come\u00e7a a partir das 20h (hor\u00e1rio de Bras\u00edlia).<\/p>\n","protected":false},"excerpt":{"rendered":"O Video Music Awards (VMA) 2025 acontece neste domingo (7) e a MTV se prepara para premiar os&hellip;\n","protected":false},"author":2,"featured_media":62722,"comment_status":"","ping_status":"","sticky":false,"template":"","format":"standard","meta":{"footnotes":""},"categories":[141],"tags":[114,115,1277,149,150,32,6691,3304,33],"class_list":{"0":"post-62721","1":"post","2":"type-post","3":"status-publish","4":"format-standard","5":"has-post-thumbnail","7":"category-musica","8":"tag-entertainment","9":"tag-entretenimento","10":"tag-lady-gaga","11":"tag-music","12":"tag-musica","13":"tag-portugal","14":"tag-premiacao","15":"tag-premio","16":"tag-pt"},"share_on_mastodon":{"url":"","error":""},"_links":{"self":[{"href":"https:\/\/www.europesays.com\/pt\/wp-json\/wp\/v2\/posts\/62721","targetHints":{"allow":["GET"]}}],"collection":[{"href":"https:\/\/www.europesays.com\/pt\/wp-json\/wp\/v2\/posts"}],"about":[{"href":"https:\/\/www.europesays.com\/pt\/wp-json\/wp\/v2\/types\/post"}],"author":[{"embeddable":true,"href":"https:\/\/www.europesays.com\/pt\/wp-json\/wp\/v2\/users\/2"}],"replies":[{"embeddable":true,"href":"https:\/\/www.europesays.com\/pt\/wp-json\/wp\/v2\/comments?post=62721"}],"version-history":[{"count":0,"href":"https:\/\/www.europesays.com\/pt\/wp-json\/wp\/v2\/posts\/62721\/revisions"}],"wp:featuredmedia":[{"embeddable":true,"href":"https:\/\/www.europesays.com\/pt\/wp-json\/wp\/v2\/media\/62722"}],"wp:attachment":[{"href":"https:\/\/www.europesays.com\/pt\/wp-json\/wp\/v2\/media?parent=62721"}],"wp:term":[{"taxonomy":"category","embeddable":true,"href":"https:\/\/www.europesays.com\/pt\/wp-json\/wp\/v2\/categories?post=62721"},{"taxonomy":"post_tag","embeddable":true,"href":"https:\/\/www.europesays.com\/pt\/wp-json\/wp\/v2\/tags?post=62721"}],"curies":[{"name":"wp","href":"https:\/\/api.w.org\/{rel}","templated":true}]}}