{"id":62725,"date":"2025-09-08T05:40:25","date_gmt":"2025-09-08T05:40:25","guid":{"rendered":"https:\/\/www.europesays.com\/pt\/62725\/"},"modified":"2025-09-08T05:40:25","modified_gmt":"2025-09-08T05:40:25","slug":"alexandre-schnitman-e-natalya-senna-celebram-casamento-com-cerimonia-judaica-em-salvador-veja-fotos","status":"publish","type":"post","link":"https:\/\/www.europesays.com\/pt\/62725\/","title":{"rendered":"Alexandre Schnitman e Natalya Senna celebram casamento com cerim\u00f4nia judaica em Salvador; veja fotos"},"content":{"rendered":"<p><strong>O Dj e empres\u00e1rio Alexandre Schnitman e Natalya Senna compartilharam sua felicidade com 450 convidados que assistiram seu casamento, na noite deste s\u00e1bado (06), na Casa Pia de S\u00e3o Joaquim, na Cidade Baixa, em Salvador.<\/strong><\/p>\n<p>A uni\u00e3o foi selada seguindo os preceitos do juda\u00edsmo, religi\u00e3o da fam\u00edlia do noivo, e contou com decora\u00e7\u00e3o assinada por <strong>Fernanda Brin\u00e7<\/strong>o, buffet de <strong>Pat Dedo de Mo\u00e7a<\/strong>, bolo de <strong>Ivana Sim\u00f5es<\/strong>, luz, som e tecnologia da <strong>TD Produ\u00e7\u00f5es<\/strong> e VJ da <strong>Chat Noir<\/strong>. Todos os detalhes, tanto da cerim\u00f4nia como da festa, tiveram assessoria de<strong> Mandy Lopez<\/strong>.<\/p>\n<p>A noite seguiu animada at\u00e9 altas horas por show de <strong>Tuca Fernandes, Rogerinho <\/strong>e apresenta\u00e7\u00e3o do DJ <strong>Lucas Borchardt<\/strong>.<\/p>\n<p><strong>Veja fotos:<\/strong><\/p>\n","protected":false},"excerpt":{"rendered":"O Dj e empres\u00e1rio Alexandre Schnitman e Natalya Senna compartilharam sua felicidade com 450 convidados que assistiram seu&hellip;\n","protected":false},"author":2,"featured_media":62726,"comment_status":"","ping_status":"","sticky":false,"template":"","format":"standard","meta":{"footnotes":""},"categories":[145],"tags":[211,210,114,115,32,33],"class_list":{"0":"post-62725","1":"post","2":"type-post","3":"status-publish","4":"format-standard","5":"has-post-thumbnail","7":"category-celebridades","8":"tag-celebridades","9":"tag-celebrities","10":"tag-entertainment","11":"tag-entretenimento","12":"tag-portugal","13":"tag-pt"},"share_on_mastodon":{"url":"","error":""},"_links":{"self":[{"href":"https:\/\/www.europesays.com\/pt\/wp-json\/wp\/v2\/posts\/62725","targetHints":{"allow":["GET"]}}],"collection":[{"href":"https:\/\/www.europesays.com\/pt\/wp-json\/wp\/v2\/posts"}],"about":[{"href":"https:\/\/www.europesays.com\/pt\/wp-json\/wp\/v2\/types\/post"}],"author":[{"embeddable":true,"href":"https:\/\/www.europesays.com\/pt\/wp-json\/wp\/v2\/users\/2"}],"replies":[{"embeddable":true,"href":"https:\/\/www.europesays.com\/pt\/wp-json\/wp\/v2\/comments?post=62725"}],"version-history":[{"count":0,"href":"https:\/\/www.europesays.com\/pt\/wp-json\/wp\/v2\/posts\/62725\/revisions"}],"wp:featuredmedia":[{"embeddable":true,"href":"https:\/\/www.europesays.com\/pt\/wp-json\/wp\/v2\/media\/62726"}],"wp:attachment":[{"href":"https:\/\/www.europesays.com\/pt\/wp-json\/wp\/v2\/media?parent=62725"}],"wp:term":[{"taxonomy":"category","embeddable":true,"href":"https:\/\/www.europesays.com\/pt\/wp-json\/wp\/v2\/categories?post=62725"},{"taxonomy":"post_tag","embeddable":true,"href":"https:\/\/www.europesays.com\/pt\/wp-json\/wp\/v2\/tags?post=62725"}],"curies":[{"name":"wp","href":"https:\/\/api.w.org\/{rel}","templated":true}]}}