{"id":62727,"date":"2025-09-08T05:54:12","date_gmt":"2025-09-08T05:54:12","guid":{"rendered":"https:\/\/www.europesays.com\/pt\/62727\/"},"modified":"2025-09-08T05:54:12","modified_gmt":"2025-09-08T05:54:12","slug":"diferentes-mae-de-virginia-curte-post-polemico-alfinetando-paolla-oliveira","status":"publish","type":"post","link":"https:\/\/www.europesays.com\/pt\/62727\/","title":{"rendered":"Diferentes? M\u00e3e de Virginia curte post pol\u00eamico alfinetando Paolla Oliveira"},"content":{"rendered":"<p>\n                        Margareth Serr\u00e3o, m\u00e3e de Virginia, causou um alvoro\u00e7o na web ao curtir post pol\u00eamico sobre Paolla Oliveira\n                    <\/p>\n<p>\n                                                                                                                                                                                                                            7 set<br \/>\n                                    2025<br \/>\n                                     &#8211; 16h45\n                                <\/p>\n<p>\n                                                                                                            (atualizado \u00e0s 19h39)\n                                                                    <\/p>\n<p><img loading=\"lazy\" decoding=\"async\" alt=\"Margareth Serr\u00e3o, Virginia e Paolla Oliveira\" class=\"img-b1a2d564bb0967e8338dab95afc18164a6mw1wch\" height=\"435\" src=\"https:\/\/www.europesays.com\/pt\/wp-content\/uploads\/2025\/09\/5192862-margareth-serrao-virginia-e-paolla-oliveira.jpg\"  title=\"Margareth Serr\u00e3o, Virginia e Paolla Oliveira\" width=\"774\"\/><\/p>\n<p>Margareth Serr\u00e3o, Virginia e Paolla Oliveira<\/p>\n<p>Foto: Reprodu\u00e7\u00e3o\/Instagram \/ Contigo<\/p>\n<p class=\"text\">M\u00e3e de <a href=\"https:\/\/www.terra.com.br\/tudo-sobre\/virginia-fonseca\" target=\"_self\" rel=\"nofollow noopener\">Virg\u00ednia Fonseca<\/a>, Margareth Serr\u00e3o chamou aten\u00e7\u00e3o dos internautas ao interagir em um post pol\u00eamico sobre <a href=\"https:\/\/www.terra.com.br\/tudo-sobre\/paolla-oliveira\" target=\"_self\" rel=\"nofollow noopener\">Paolla Oliveira<\/a>. Uma internauta trouxe \u00e0 tona uma pol\u00eamica do passado da atriz, que chegou at\u00e9 a av\u00f3 das Marias, que curtiu a publica\u00e7\u00e3o.<\/p>\n<p class=\"text\">A intera\u00e7\u00e3o aconteceu poucos dias ap\u00f3s a atriz revelar que possui valores diferentes dos de Virginia, que assumiu seu antigo posto de Rainha de Bateria.<\/p>\n<p class=\"text\">&#8220;Somos mulheres muito diferentes. Isso \u00e9 um fato. Temos valores diferentes, temos pensamentos diferentes. Apesar de que eu n\u00e3o conhe\u00e7o a Virg\u00ednia, n\u00e3o tive nenhum contato com ela, s\u00f3 conhe\u00e7o a pessoa p\u00fablica. E as pessoas p\u00fablicas s\u00e3o bastante diferentes&#8221;, disse a atriz que interpreta Heleninha em &#8216;Vale Tudo&#8217;.<\/p>\n<p class=\"text\">A fala de <strong>Paolla<\/strong> repercutiu na web e provocou rea\u00e7\u00f5es dos internautas. Uma delas chegou a citar uma situa\u00e7\u00e3o pol\u00eamica envolvendo o ex-marido de <strong>Tha\u00eds Fersoza,<\/strong> o ator<strong> Joaquim Lopes.<\/strong><\/p>\n<p class=\"text\">&#8220;Paolla, eu te amo\u2026 mas d\u00e1 uma segurada no &#8216;valores diferentes&#8217;, porque na idade da Virginia voc\u00ea tava aprontando todas tamb\u00e9m e pegando o marido da Tha\u00eds Fersoza que a abandonou na lua de mel&#8221;, disse a seguidora.<\/p>\n<p class=\"text\">O problema \u00e9 que a m\u00e3e de <strong>Virginia<\/strong> curtiu a alfinetada da internauta, causando um alvoro\u00e7o ainda maior na internet, j\u00e1 que a atitude foi considerada como uma forma de afrontar a atriz. &#8220;Estamos com a Paolla&#8221;, defendeu outra. &#8220;Pessoas INTELIGENTES entenderam o que a Paolla quis dizer&#8221;, apontou outra.<\/p>\n","protected":false},"excerpt":{"rendered":"Margareth Serr\u00e3o, m\u00e3e de Virginia, causou um alvoro\u00e7o na web ao curtir post pol\u00eamico sobre Paolla Oliveira 7&hellip;\n","protected":false},"author":2,"featured_media":62728,"comment_status":"","ping_status":"","sticky":false,"template":"","format":"standard","meta":{"footnotes":""},"categories":[145],"tags":[211,210,114,115,32,33],"class_list":{"0":"post-62727","1":"post","2":"type-post","3":"status-publish","4":"format-standard","5":"has-post-thumbnail","7":"category-celebridades","8":"tag-celebridades","9":"tag-celebrities","10":"tag-entertainment","11":"tag-entretenimento","12":"tag-portugal","13":"tag-pt"},"share_on_mastodon":{"url":"","error":""},"_links":{"self":[{"href":"https:\/\/www.europesays.com\/pt\/wp-json\/wp\/v2\/posts\/62727","targetHints":{"allow":["GET"]}}],"collection":[{"href":"https:\/\/www.europesays.com\/pt\/wp-json\/wp\/v2\/posts"}],"about":[{"href":"https:\/\/www.europesays.com\/pt\/wp-json\/wp\/v2\/types\/post"}],"author":[{"embeddable":true,"href":"https:\/\/www.europesays.com\/pt\/wp-json\/wp\/v2\/users\/2"}],"replies":[{"embeddable":true,"href":"https:\/\/www.europesays.com\/pt\/wp-json\/wp\/v2\/comments?post=62727"}],"version-history":[{"count":0,"href":"https:\/\/www.europesays.com\/pt\/wp-json\/wp\/v2\/posts\/62727\/revisions"}],"wp:featuredmedia":[{"embeddable":true,"href":"https:\/\/www.europesays.com\/pt\/wp-json\/wp\/v2\/media\/62728"}],"wp:attachment":[{"href":"https:\/\/www.europesays.com\/pt\/wp-json\/wp\/v2\/media?parent=62727"}],"wp:term":[{"taxonomy":"category","embeddable":true,"href":"https:\/\/www.europesays.com\/pt\/wp-json\/wp\/v2\/categories?post=62727"},{"taxonomy":"post_tag","embeddable":true,"href":"https:\/\/www.europesays.com\/pt\/wp-json\/wp\/v2\/tags?post=62727"}],"curies":[{"name":"wp","href":"https:\/\/api.w.org\/{rel}","templated":true}]}}