{"id":62766,"date":"2025-09-08T08:12:07","date_gmt":"2025-09-08T08:12:07","guid":{"rendered":"https:\/\/www.europesays.com\/pt\/62766\/"},"modified":"2025-09-08T08:12:07","modified_gmt":"2025-09-08T08:12:07","slug":"video-dirigentes-do-benfica-desentendem-se-apos-a-supertaca-feminina","status":"publish","type":"post","link":"https:\/\/www.europesays.com\/pt\/62766\/","title":{"rendered":"V\u00cdDEO: dirigentes do Benfica desentendem-se ap\u00f3s a Superta\u00e7a feminina"},"content":{"rendered":"<p>Fernando Tavares, vice-presidente do Benfica, e Jos\u00e9 Pereira da Costa, presidente da Mesa da Assembleia Geral dos encarnados, protagonizaram um momento de tens\u00e3o na entrega das medalhas da Superta\u00e7a feminina.<\/p>\n<p>Sem que seja conhecida a raz\u00e3o da disc\u00f3rdia, os dois dirigentes do Benfica, aparentemente, ficaram com cara de poucos amigos.<\/p>\n<p><a href=\"https:\/\/maisfutebol.iol.pt\/futebol-feminino\/supertaca\/feminino-torreense-vence-benfica-e-conquista-a-supertaca\" target=\"_blank\" rel=\"nofollow noopener\">De recordar que as \u00e1guias perderam a Superta\u00e7a frente ao Torreense, por 2-1.<\/a><\/p>\n","protected":false},"excerpt":{"rendered":"Fernando Tavares, vice-presidente do Benfica, e Jos\u00e9 Pereira da Costa, presidente da Mesa da Assembleia Geral dos encarnados,&hellip;\n","protected":false},"author":2,"featured_media":62767,"comment_status":"","ping_status":"","sticky":false,"template":"","format":"standard","meta":{"footnotes":""},"categories":[87],"tags":[51,13562,135,17453,17454,46,32,33,47,134,17455],"class_list":{"0":"post-62766","1":"post","2":"type-post","3":"status-publish","4":"format-standard","5":"has-post-thumbnail","7":"category-desporto","8":"tag-benfica","9":"tag-desentendimento","10":"tag-desporto","11":"tag-fernando-tavares","12":"tag-jose-pereira-costa","13":"tag-maisfutebol","14":"tag-portugal","15":"tag-pt","16":"tag-pura-paixao","17":"tag-sports","18":"tag-supertaca-feminina"},"share_on_mastodon":{"url":"","error":""},"_links":{"self":[{"href":"https:\/\/www.europesays.com\/pt\/wp-json\/wp\/v2\/posts\/62766","targetHints":{"allow":["GET"]}}],"collection":[{"href":"https:\/\/www.europesays.com\/pt\/wp-json\/wp\/v2\/posts"}],"about":[{"href":"https:\/\/www.europesays.com\/pt\/wp-json\/wp\/v2\/types\/post"}],"author":[{"embeddable":true,"href":"https:\/\/www.europesays.com\/pt\/wp-json\/wp\/v2\/users\/2"}],"replies":[{"embeddable":true,"href":"https:\/\/www.europesays.com\/pt\/wp-json\/wp\/v2\/comments?post=62766"}],"version-history":[{"count":0,"href":"https:\/\/www.europesays.com\/pt\/wp-json\/wp\/v2\/posts\/62766\/revisions"}],"wp:featuredmedia":[{"embeddable":true,"href":"https:\/\/www.europesays.com\/pt\/wp-json\/wp\/v2\/media\/62767"}],"wp:attachment":[{"href":"https:\/\/www.europesays.com\/pt\/wp-json\/wp\/v2\/media?parent=62766"}],"wp:term":[{"taxonomy":"category","embeddable":true,"href":"https:\/\/www.europesays.com\/pt\/wp-json\/wp\/v2\/categories?post=62766"},{"taxonomy":"post_tag","embeddable":true,"href":"https:\/\/www.europesays.com\/pt\/wp-json\/wp\/v2\/tags?post=62766"}],"curies":[{"name":"wp","href":"https:\/\/api.w.org\/{rel}","templated":true}]}}