{"id":62806,"date":"2025-09-08T09:36:07","date_gmt":"2025-09-08T09:36:07","guid":{"rendered":"https:\/\/www.europesays.com\/pt\/62806\/"},"modified":"2025-09-08T09:36:07","modified_gmt":"2025-09-08T09:36:07","slug":"espanha-goleia-turquia-alemanha-disfarca-crise-rumo-ao-mundial-2026-futebol-internacional","status":"publish","type":"post","link":"https:\/\/www.europesays.com\/pt\/62806\/","title":{"rendered":"Espanha goleia Turquia, Alemanha disfar\u00e7a crise rumo ao Mundial 2026 | Futebol internacional"},"content":{"rendered":"<p>A Espanha, <a href=\"https:\/\/www.publico.pt\/2024\/07\/14\/desporto\/cronica_de_jogo\/armada-espanhola-invencivel-2097549\" rel=\"nofollow noopener\" target=\"_blank\">campe\u00e3 europeia<\/a> e vice da <a href=\"https:\/\/www.publico.pt\/2025\/06\/08\/desporto\/cronica_de_jogo\/portugal-vence-liga-nacoes-maos-diogo-costa-classe-nuno-mendes-2136029\" rel=\"nofollow noopener\" target=\"_blank\">Liga das Na\u00e7\u00f5es<\/a>, foi \u00e0 Turquia arrasar a selec\u00e7\u00e3o de Vicenzo Montella, goleando por 0-6 &#8211; com hat-trick de Mikel Merino e &#8220;bis&#8221; de Pedri &#8211; uma equipa que n\u00e3o perdia em casa h\u00e1 dois anos e meio, vincando de forma inequ\u00edvoca o estatuto de absoluta favorita do Grupo E de qualifica\u00e7\u00e3o europeia para o Mundial 2026.<\/p>\n<p>Depois da <a href=\"https:\/\/www.publCico.pt\/2025\/09\/04\/desporto\/noticia\/eslovaquia-vence-alemanha-primeira-espanha-refeita-final-munique-2146071\" rel=\"nofollow noopener\" target=\"_blank\">vit\u00f3ria (0-3) na Bulg\u00e1ria<\/a>, a \u201croja\u201d voltou a impor a lei do mais forte, dobrando a parada. Pedri Gonz\u00e1lez deu o mote, com um primeiro golo aos 6 minutos. A Turquia, que no primeiro jogo triunfou na Ge\u00f3rgia, esbo\u00e7ou uma reac\u00e7\u00e3o por Arda G\u00fcler e Akt\u00fcrkoglu, com o ex-Benfica a rematar ao poste.<\/p>\n<p>N\u00e3o aproveitaram os turcos, marcaram os espanh\u00f3is por Mikel Merino (22\u2019), que bisou antes do intervalo (45+1\u2019) e chegou ao hat-trick aos 57 minutos, resolvendo um jogo que voltou a revelar a facilidade da selec\u00e7\u00e3o ib\u00e9rica para construir e desbaratar ocasi\u00f5es de golo.<\/p>\n<p>        &#13;<\/p>\n<blockquote class=\"twitter-tweet\" data-media-max-width=\"560\">\n<p lang=\"pt\" dir=\"ltr\">HAT-TRICK E GOLA\u00c7O DE MERINO ??<a href=\"https:\/\/twitter.com\/hashtag\/sporttvportugal?src=hash&amp;ref_src=twsrc%5Etfw\" rel=\"nofollow noopener\" target=\"_blank\">#sporttvportugal<\/a> <a href=\"https:\/\/twitter.com\/hashtag\/QUALIFIERSnaSPORTTV?src=hash&amp;ref_src=twsrc%5Etfw\" rel=\"nofollow noopener\" target=\"_blank\">#QUALIFIERSnaSPORTTV<\/a> <a href=\"https:\/\/twitter.com\/hashtag\/Qualifica%C3%A7%C3%A3oMundial?src=hash&amp;ref_src=twsrc%5Etfw\" rel=\"nofollow noopener\" target=\"_blank\">#Qualifica\u00e7\u00e3oMundial<\/a> <a href=\"https:\/\/twitter.com\/hashtag\/Turquia?src=hash&amp;ref_src=twsrc%5Etfw\" rel=\"nofollow noopener\" target=\"_blank\">#Turquia<\/a> <a href=\"https:\/\/twitter.com\/hashtag\/Espanha?src=hash&amp;ref_src=twsrc%5Etfw\" rel=\"nofollow noopener\" target=\"_blank\">#Espanha<\/a> <a href=\"https:\/\/t.co\/OeHn8OW5Nf\" rel=\"nofollow\">pic.twitter.com\/OeHn8OW5Nf<\/a><\/p>\n<p>\u2014 sport tv (@sporttvportugal) <a href=\"https:\/\/twitter.com\/sporttvportugal\/status\/1964782317831917898?ref_src=twsrc%5Etfw\" rel=\"nofollow noopener\" target=\"_blank\">September 7, 2025<\/a><\/p><\/blockquote>\n<p> &#13;<\/p>\n<p>Caso contr\u00e1rio, teria sido uma &#8220;carnificina&#8221;. Lamine Yamal foi dos mais perdul\u00e1rios, pecha que compensou com assist\u00eancias para o quarto e quinto golo, de F\u00e9rran Torres. Um pormenor em que Oyarzabal se distinguiu, com tr\u00eas assist\u00eancias.<\/p>\n<p>Em dois jogos, Mikel Merino assume, juntamente com Kevin de Bruyne e Haaland (ambos em quatro jogos) e Schick (em cinco), o segundo lugar entre os melhores marcadores, com quatro golos.<\/p>\n<p>Tamb\u00e9m a B\u00e9lgica goleou (6-0) o Cazaquist\u00e3o, com bis de Kevin de Bruyne (42, 84&#8242;) e Doku (44, 60&#8242;), mantendo-se a um ponto da lideran\u00e7a da Maced\u00f3nia do Norte, que tem mais um ponto (11) e mais um jogo do que os belgas, tendo igualmente goleado (5-0) o Liechtenstein no grupo J.<\/p>\n<p>Alemanha posta \u00e0 prova<\/p>\n<p>Derrotada pela Eslov\u00e1quia no primeiro jogo de qualifica\u00e7\u00e3o do grupo A, a Mannschaft foi posta \u00e0 prova na recep\u00e7\u00e3o \u00e0 Irlanda do Norte (3-1). Os alem\u00e3es at\u00e9 marcaram cedo, por Gnabry (7&#8242;), mas Price (34&#8242;) aumentou o &#8220;stress&#8221; a que a equipa de Julian Nagelsmann tem estado sujeita.<\/p>\n<p>Amiri (69&#8242;) e Wirtz (72&#8242;) acabariam por resolver a quest\u00e3o com dois golos em tr\u00eas minutos, colocando a Alemanha numa posi\u00e7\u00e3o menos cr\u00edtica, embora a Eslov\u00e1quia tenha ficado isolada na lideran\u00e7a com o triunfo (0-1) no Luxemburgo, conseguido aos 90 minutos.<\/p>\n<p>Depay faz hist\u00f3ria<\/p>\n<p>De tarde, a selec\u00e7\u00e3o dos Pa\u00edses Baixos venceu (2-3) na desloca\u00e7\u00e3o \u00e0 Litu\u00e2nia, conservando a lideran\u00e7a do grupo G, a par da Pol\u00f3nia, que bateu a Finl\u00e2ndia por 3-1.<\/p>\n<p>Para al\u00e9m do triunfo apertado, depois de ter chegado ao 0-2 aos 33 minutos, sobra o \u201cbis\u201d de Memphis Depay, que passa a ser o jogador com mais golos ao servi\u00e7o da selec\u00e7\u00e3o neerlandesa, e l\u00edder desta fase de qualifica\u00e7\u00e3o, com 5 golos em quatro jogos, a par de Kramaric (Cro\u00e1cia), com cinco golos em tr\u00eas encontros.<\/p>\n<p>Depay soma 52 golos em 104 internacionaliza\u00e7\u00f5es, superando Robin van Persie, com 50 golos em 102 partidas. O jogador do Corinthians possui uma m\u00e9dia de um golo a cada dois jogos e \u00e9 o 14.\u00ba nesse par\u00e2metro, em que Johan Cruyff, com 33 golos em 48 partidas, \u00e9 oitavo, \u00e0 frente de John Bosman, o primeiro desta lista entre os avan\u00e7ados ainda vivos.<\/p>\n<p>        &#13;<\/p>\n<blockquote class=\"twitter-tweet\" data-media-max-width=\"560\">\n<p lang=\"pt\" dir=\"ltr\">Bis de Depay, Pa\u00edses Baixos recuperam a lideran\u00e7a ??<a href=\"https:\/\/twitter.com\/hashtag\/sporttvportugal?src=hash&amp;ref_src=twsrc%5Etfw\" rel=\"nofollow noopener\" target=\"_blank\">#sporttvportugal<\/a> <a href=\"https:\/\/twitter.com\/hashtag\/QUALIFIERSnaSPORTTV?src=hash&amp;ref_src=twsrc%5Etfw\" rel=\"nofollow noopener\" target=\"_blank\">#QUALIFIERSnaSPORTTV<\/a> <a href=\"https:\/\/twitter.com\/hashtag\/Qualifica%C3%A7%C3%A3oMundial?src=hash&amp;ref_src=twsrc%5Etfw\" rel=\"nofollow noopener\" target=\"_blank\">#Qualifica\u00e7\u00e3oMundial<\/a> <a href=\"https:\/\/twitter.com\/hashtag\/Litu%C3%A2nia?src=hash&amp;ref_src=twsrc%5Etfw\" rel=\"nofollow noopener\" target=\"_blank\">#Litu\u00e2nia<\/a> <a href=\"https:\/\/twitter.com\/hashtag\/Pa%C3%ADsesBaixos?src=hash&amp;ref_src=twsrc%5Etfw\" rel=\"nofollow noopener\" target=\"_blank\">#Pa\u00edsesBaixos<\/a> <a href=\"https:\/\/t.co\/i4v4eVM45f\" rel=\"nofollow\">pic.twitter.com\/i4v4eVM45f<\/a><\/p>\n<p>\u2014 sport tv (@sporttvportugal) <a href=\"https:\/\/twitter.com\/sporttvportugal\/status\/1964743250629046480?ref_src=twsrc%5Etfw\" rel=\"nofollow noopener\" target=\"_blank\">September 7, 2025<\/a><\/p><\/blockquote>\n<p> &#13;<\/p>\n<p>Depay, 31 anos, com passagens por clubes como Barcelona, Atl\u00e9tico Madrid, Lyon, Manchester United (conquista da Liga Europa, com Mourinho) ou PSV,<\/p>\n<p>            <script async src=\"https:\/\/platform.twitter.com\/widgets.js\" charset=\"utf-8\"><\/script><\/p>\n","protected":false},"excerpt":{"rendered":"A Espanha, campe\u00e3 europeia e vice da Liga das Na\u00e7\u00f5es, foi \u00e0 Turquia arrasar a selec\u00e7\u00e3o de Vicenzo&hellip;\n","protected":false},"author":2,"featured_media":62807,"comment_status":"","ping_status":"","sticky":false,"template":"","format":"standard","meta":{"footnotes":""},"categories":[87],"tags":[1305,135,640,138,12632,32,33,10804,134,2428],"class_list":{"0":"post-62806","1":"post","2":"type-post","3":"status-publish","4":"format-standard","5":"has-post-thumbnail","7":"category-desporto","8":"tag-alemanha","9":"tag-desporto","10":"tag-espanha","11":"tag-futebol-internacional","12":"tag-mundial-2026","13":"tag-portugal","14":"tag-pt","15":"tag-resultados-jogos","16":"tag-sports","17":"tag-turquia"},"share_on_mastodon":{"url":"","error":""},"_links":{"self":[{"href":"https:\/\/www.europesays.com\/pt\/wp-json\/wp\/v2\/posts\/62806","targetHints":{"allow":["GET"]}}],"collection":[{"href":"https:\/\/www.europesays.com\/pt\/wp-json\/wp\/v2\/posts"}],"about":[{"href":"https:\/\/www.europesays.com\/pt\/wp-json\/wp\/v2\/types\/post"}],"author":[{"embeddable":true,"href":"https:\/\/www.europesays.com\/pt\/wp-json\/wp\/v2\/users\/2"}],"replies":[{"embeddable":true,"href":"https:\/\/www.europesays.com\/pt\/wp-json\/wp\/v2\/comments?post=62806"}],"version-history":[{"count":0,"href":"https:\/\/www.europesays.com\/pt\/wp-json\/wp\/v2\/posts\/62806\/revisions"}],"wp:featuredmedia":[{"embeddable":true,"href":"https:\/\/www.europesays.com\/pt\/wp-json\/wp\/v2\/media\/62807"}],"wp:attachment":[{"href":"https:\/\/www.europesays.com\/pt\/wp-json\/wp\/v2\/media?parent=62806"}],"wp:term":[{"taxonomy":"category","embeddable":true,"href":"https:\/\/www.europesays.com\/pt\/wp-json\/wp\/v2\/categories?post=62806"},{"taxonomy":"post_tag","embeddable":true,"href":"https:\/\/www.europesays.com\/pt\/wp-json\/wp\/v2\/tags?post=62806"}],"curies":[{"name":"wp","href":"https:\/\/api.w.org\/{rel}","templated":true}]}}