{"id":63020,"date":"2025-09-08T15:08:12","date_gmt":"2025-09-08T15:08:12","guid":{"rendered":"https:\/\/www.europesays.com\/pt\/63020\/"},"modified":"2025-09-08T15:08:12","modified_gmt":"2025-09-08T15:08:12","slug":"as-palavras-mais-esperadas-afonso-quebra-silencio-sobre-a-relacao-com-jessica-nao-era-verdade-big-brother","status":"publish","type":"post","link":"https:\/\/www.europesays.com\/pt\/63020\/","title":{"rendered":"As palavras mais esperadas. Afonso quebra sil\u00eancio sobre a rela\u00e7\u00e3o com J\u00e9ssica: \u00abN\u00e3o era verdade\u00bb &#8211; Big Brother"},"content":{"rendered":"<p><strong>Afonso Leit\u00e3o apresentou a sua Curva da Vida na gala deste domingo, 7 de setembro<\/strong>, onde falou sobre os momentos que mais o marcaram na vida, entre eles um <a href=\"https:\/\/tvi.iol.pt\/bigbrother\/videos\/afonso-leitao-recorda-palavras-do-progenitor-esta-faca-e-para-matar-a-vossa-mae\/68be11df0cf29d28d828a5a0\" rel=\"nofollow noopener\" target=\"_blank\">epis\u00f3dio traum\u00e1tico com o progenitor<\/a>, um tumor e a rela\u00e7\u00e3o com J\u00e9ssica Vieira.<\/p>\n<p>\u00a0Afonso fala sobre a sua passagem pela Casa dos Segredos 8, marcada pelo namoro com J\u00e9ssica Vieira. <strong>\u00abVoltei a apaixonar-me, conheci a J\u00e9ssica e fui muito feliz com ela.<\/strong> Acabou, n\u00e3o acabou da melhor maneira, infelizmente. Quando sa\u00ed, foi complicado. Acusaram-me de tudo e mais alguma coisa e n\u00e3o era verdade\u00bb, confessou.<\/p>\n<p>O jovem de Alcochete deixou ainda uma palavra dirigida a Miranda: \u00abFui convidado para entrar no Big Brother Ver\u00e3o e conheci uma pessoa que se tornou muito importante.<strong> Fico muito triste por nem toda a gente ver a joia de pessoa que ela \u00e9. Gosto muito da Catarina Miranda\u00bb.<\/strong><\/p>\n<p>No in\u00edcio da partilha, Afonso recordou a rela\u00e7\u00e3o conturbada que teve com o progenitor.\u00a0<strong>\u00abAos meus dois anos, a minha m\u00e3e pega em mim e no meu irm\u00e3o foge de casa porque era v\u00edtima de viol\u00eancia dom\u00e9stica<\/strong>. Perdemos tudo o que t\u00ednhamos at\u00e9 aqui\u00bb, come\u00e7ou por contar o ex-paraquedista, j\u00e1 lavado em l\u00e1grimas.<\/p>\n<p>Aos 12 anos, <strong>Afonso revela que enfrentou um tumor no p\u00e9<\/strong>. \u00abEu sangrava muito do p\u00e9 e fui ao m\u00e9dico,<a href=\"https:\/\/tvi.iol.pt\/bigbrother\/videos\/afonso-leitao-revela-problema-de-saude-na-curva-da-vida-tumor-maligno\/68be11be0cf29d28d828a59f\" rel=\"nofollow noopener\" target=\"_blank\"> desconfiavam que era um tumor maligno. Fui operado e passou a ser um tumor benigno\u00bb<\/a>, disse, num pranto.<\/p>\n<p>Foi tamb\u00e9m nessa altura que o seu progenitor volta a surgir na sua vida. \u00abSurge o meu progenitor, que estava afastado de n\u00f3s por ordem do tribunal e a partir desta altura come\u00e7o a ser obrigado a fazer visitas. <strong>H\u00e1 uma que n\u00e3o me esque\u00e7o. Ele tirou uma faca e disse: &#8216;esta faca \u00e9 para matar a vossa m\u00e3e&#8217;. <\/strong>At\u00e9 que a minha m\u00e3e recorreu a tribunal e par\u00e1mos com essas visitas. Volt\u00e1mos a ser uma fam\u00edlia feliz. Ele tentou comprar-me, e eu disse:<strong> &#8216;engra\u00e7ado que tu tens tanto para dar, mas a minha m\u00e3e passou fome para nos dar de comer&#8217;\u00bb<\/strong>, contou.<\/p>\n<p>Durante a adolesc\u00eancia<strong>, Afonso Leit\u00e3o confidenciou que foi um \u00abmau filho\u00bb.<\/strong> As m\u00e1s companhias e o bullying que sofreu fizeram-no ter comportamentos negativos. \u00abH\u00e1 uma discuss\u00e3o que eu tive com a minha m\u00e3e, eu disse que ia de f\u00e9rias e acabei por fugir de casa. Fui um mau filho nesta altura, dei problemas em casa\u00bb, findou.<\/p>\n<p>\u00a0<\/p>\n","protected":false},"excerpt":{"rendered":"Afonso Leit\u00e3o apresentou a sua Curva da Vida na gala deste domingo, 7 de setembro, onde falou sobre&hellip;\n","protected":false},"author":2,"featured_media":63021,"comment_status":"","ping_status":"","sticky":false,"template":"","format":"standard","meta":{"footnotes":""},"categories":[8],"tags":[2031,331,48,27,28,329,333,328,335,336,334,332,15,16,330,14,1417,25,26,21,22,12,13,19,20,32,23,24,33,17,18,162,29,30,31,227],"class_list":{"0":"post-63020","1":"post","2":"type-post","3":"status-publish","4":"format-standard","5":"has-post-thumbnail","7":"category-principais-noticias","8":"tag-afonso-leitao","9":"tag-big","10":"tag-big-brother","11":"tag-breaking-news","12":"tag-breakingnews","13":"tag-claudio-ramos","14":"tag-comentadores","15":"tag-concorrentes","16":"tag-confrontos","17":"tag-discussoes","18":"tag-exclusivos","19":"tag-expulso","20":"tag-featured-news","21":"tag-featurednews","22":"tag-gala","23":"tag-headlines","24":"tag-jessica-vieira","25":"tag-latest-news","26":"tag-latestnews","27":"tag-main-news","28":"tag-mainnews","29":"tag-news","30":"tag-noticias","31":"tag-noticias-principais","32":"tag-noticiasprincipais","33":"tag-portugal","34":"tag-principais-noticias","35":"tag-principaisnoticias","36":"tag-pt","37":"tag-top-stories","38":"tag-topstories","39":"tag-tvi","40":"tag-ultimas","41":"tag-ultimas-noticias","42":"tag-ultimasnoticias","43":"tag-videos"},"share_on_mastodon":{"url":"","error":""},"_links":{"self":[{"href":"https:\/\/www.europesays.com\/pt\/wp-json\/wp\/v2\/posts\/63020","targetHints":{"allow":["GET"]}}],"collection":[{"href":"https:\/\/www.europesays.com\/pt\/wp-json\/wp\/v2\/posts"}],"about":[{"href":"https:\/\/www.europesays.com\/pt\/wp-json\/wp\/v2\/types\/post"}],"author":[{"embeddable":true,"href":"https:\/\/www.europesays.com\/pt\/wp-json\/wp\/v2\/users\/2"}],"replies":[{"embeddable":true,"href":"https:\/\/www.europesays.com\/pt\/wp-json\/wp\/v2\/comments?post=63020"}],"version-history":[{"count":0,"href":"https:\/\/www.europesays.com\/pt\/wp-json\/wp\/v2\/posts\/63020\/revisions"}],"wp:featuredmedia":[{"embeddable":true,"href":"https:\/\/www.europesays.com\/pt\/wp-json\/wp\/v2\/media\/63021"}],"wp:attachment":[{"href":"https:\/\/www.europesays.com\/pt\/wp-json\/wp\/v2\/media?parent=63020"}],"wp:term":[{"taxonomy":"category","embeddable":true,"href":"https:\/\/www.europesays.com\/pt\/wp-json\/wp\/v2\/categories?post=63020"},{"taxonomy":"post_tag","embeddable":true,"href":"https:\/\/www.europesays.com\/pt\/wp-json\/wp\/v2\/tags?post=63020"}],"curies":[{"name":"wp","href":"https:\/\/api.w.org\/{rel}","templated":true}]}}