{"id":63042,"date":"2025-09-08T15:45:30","date_gmt":"2025-09-08T15:45:30","guid":{"rendered":"https:\/\/www.europesays.com\/pt\/63042\/"},"modified":"2025-09-08T15:45:30","modified_gmt":"2025-09-08T15:45:30","slug":"retratos-de-frida-publishnews","status":"publish","type":"post","link":"https:\/\/www.europesays.com\/pt\/63042\/","title":{"rendered":"Retratos de Frida | PublishNews"},"content":{"rendered":"<p>Livro se aprofunda na forma como Frida guiava sua presen\u00e7a e a sua obra atrav\u00e9s dos seus relacionamentos<\/p>\n<p><img loading=\"lazy\" decoding=\"async\" src=\"https:\/\/www.europesays.com\/pt\/wp-content\/uploads\/2025\/09\/jNeZTkjBg4H4ZUCEgdThQnQclRBOFfkBdHkMgaFlv3Zob78p8L6oDridR6IEyz7Nu2NTLY4qUrmQwsf9.png\" width=\"124\" height=\"190\" \/>A figura de Frida Kahlo em seus mais diversos aspectos tornou-se essencial na hist\u00f3ria da arte e da cultura. Seu ativismo pol\u00edtico, posicionamentos, relacionamentos amorosos e, \u00e9 claro, sua arte s\u00e3o objeto de interesse at\u00e9 os dias de hoje, mais de setenta anos ap\u00f3s sua morte, estando a artista consagrada como um \u00edcone cultural. Em Viva Frida (Planeta, 464 pp, R$ 96,90 \u2013 Trad.: Ana Maria Fiorini), o especialista em sua obra G\u00e9rard de Cortanze conduz o leitor por momentos da vida e figura de Frida, como os quadros da artista, mostrando detalhes da intimidade de sua exist\u00eancia e cria\u00e7\u00e3o art\u00edstica como nunca antes. O livro se aprofunda na forma como Frida guiava sua presen\u00e7a e a sua obra atrav\u00e9s dos seus relacionamentos, com alguns novos detalhes sobre o seu envolvimento com Diego Rivera ou Trotsky. De forma comovente e intensa, o autor apresenta as reflex\u00f5es de Frida sobre o M\u00e9xico, a religi\u00e3o, a morte e a origem de tudo que nos cerca, desvendando seu universo, tudo isso em meio a sua voz questionadora, seus cantos e juramentos.<\/p>\n","protected":false},"excerpt":{"rendered":"Livro se aprofunda na forma como Frida guiava sua presen\u00e7a e a sua obra atrav\u00e9s dos seus relacionamentos&hellip;\n","protected":false},"author":2,"featured_media":17657,"comment_status":"","ping_status":"","sticky":false,"template":"","format":"standard","meta":{"footnotes":""},"categories":[143],"tags":[868,877,867,169,869,872,873,880,114,115,874,870,875,878,879,864,876,237,871,170,865,866,13,32,33],"class_list":{"0":"post-63042","1":"post","2":"type-post","3":"status-publish","4":"format-standard","5":"has-post-thumbnail","7":"category-livros","8":"tag-best-seller","9":"tag-biblioteca","10":"tag-bienal-do-livro","11":"tag-books","12":"tag-clipping","13":"tag-e-book","14":"tag-ebook","15":"tag-editora","16":"tag-entertainment","17":"tag-entretenimento","18":"tag-escritor","19":"tag-eventos","20":"tag-festival-literario","21":"tag-lancamentos","22":"tag-leitura","23":"tag-literatura","24":"tag-livraria","25":"tag-livro","26":"tag-livro-digital","27":"tag-livros","28":"tag-mercado-editorial","29":"tag-mercado-livreiro","30":"tag-noticias","31":"tag-portugal","32":"tag-pt"},"share_on_mastodon":{"url":"","error":""},"_links":{"self":[{"href":"https:\/\/www.europesays.com\/pt\/wp-json\/wp\/v2\/posts\/63042","targetHints":{"allow":["GET"]}}],"collection":[{"href":"https:\/\/www.europesays.com\/pt\/wp-json\/wp\/v2\/posts"}],"about":[{"href":"https:\/\/www.europesays.com\/pt\/wp-json\/wp\/v2\/types\/post"}],"author":[{"embeddable":true,"href":"https:\/\/www.europesays.com\/pt\/wp-json\/wp\/v2\/users\/2"}],"replies":[{"embeddable":true,"href":"https:\/\/www.europesays.com\/pt\/wp-json\/wp\/v2\/comments?post=63042"}],"version-history":[{"count":0,"href":"https:\/\/www.europesays.com\/pt\/wp-json\/wp\/v2\/posts\/63042\/revisions"}],"wp:featuredmedia":[{"embeddable":true,"href":"https:\/\/www.europesays.com\/pt\/wp-json\/wp\/v2\/media\/17657"}],"wp:attachment":[{"href":"https:\/\/www.europesays.com\/pt\/wp-json\/wp\/v2\/media?parent=63042"}],"wp:term":[{"taxonomy":"category","embeddable":true,"href":"https:\/\/www.europesays.com\/pt\/wp-json\/wp\/v2\/categories?post=63042"},{"taxonomy":"post_tag","embeddable":true,"href":"https:\/\/www.europesays.com\/pt\/wp-json\/wp\/v2\/tags?post=63042"}],"curies":[{"name":"wp","href":"https:\/\/api.w.org\/{rel}","templated":true}]}}