{"id":63051,"date":"2025-09-08T15:57:11","date_gmt":"2025-09-08T15:57:11","guid":{"rendered":"https:\/\/www.europesays.com\/pt\/63051\/"},"modified":"2025-09-08T15:57:11","modified_gmt":"2025-09-08T15:57:11","slug":"5-artistas-proibidos-de-pisar-na-globo","status":"publish","type":"post","link":"https:\/\/www.europesays.com\/pt\/63051\/","title":{"rendered":"5 artistas proibidos de pisar na Globo"},"content":{"rendered":"<p>Processos milion\u00e1rios na Justi\u00e7a, cr\u00edticas, acusa\u00e7\u00e3o de furto e pris\u00e3o. Por diferentes motivos, astros e estrelas que brilharam na tela da <a href=\"https:\/\/natelinha.uol.com.br\/televisao\/emissoras\/globo\" rel=\"nofollow noopener\" target=\"_blank\">Globo<\/a> por d\u00e9cadas acabaram sendo proibidos de pisar na emissora.<\/p>\n<p>continua depois da publicidade<\/p>\n<p>Confira cinco exemplos na lista abaixo:<\/p>\n<p>Carolina Ferraz<\/p>\n<p><img decoding=\"async\" loading=\"lazy\" class=\"horizontal\" src=\"https:\/\/www.europesays.com\/pt\/wp-content\/uploads\/2025\/09\/carolina-ferraz-antes-depois_1952.jpeg\" alt=\"Processo milion\u00e1rio, furto e mais: 5 artistas proibidos de pisar na Globo\"\/><\/p>\n<p>Atriz que brilhou em diversas novelas da Globo, como Hist\u00f3ria de Amor (1995), Por Amor (1997) e Avenida Brasil (2012), entre outras, Carolina Ferraz deixou a emissora ap\u00f3s participar de Haja Cora\u00e7\u00e3o (2016).<\/p>\n<p>No ano seguinte, ela acionou a emissora na Justi\u00e7a, pedindo para ter reconhecida sua rela\u00e7\u00e3o empregat\u00edcia com a emissora, j\u00e1 que atuava como PJ (pessoa jur\u00eddica). No entanto, o v\u00ednculo foi negado pelo Supremo Tribunal Federal (STF), encerrando a longa disputa judicial.<\/p>\n<p>continua depois da publicidade<\/p>\n<p>Ela voltou ao v\u00eddeo em 2020, ap\u00f3s aceitar convite da Record para comandar o Domingo Espetacular, fun\u00e7\u00e3o que ocupa at\u00e9 hoje, e j\u00e1 declarou que n\u00e3o tem vontade de retornar \u00e0s novelas.<\/p>\n<p>Mait\u00ea Proen\u00e7a<\/p>\n<p><img decoding=\"async\" loading=\"lazy\" class=\"horizontal\" src=\"https:\/\/www.europesays.com\/pt\/wp-content\/uploads\/2025\/09\/maite-proenca-antes-depois_9251.jpeg\" alt=\"Processo milion\u00e1rio, furto e mais: 5 artistas proibidos de pisar na Globo\"\/><\/p>\n<p>O caso de Mait\u00ea Proen\u00e7a \u00e9 similar ao de Carolina. Ela foi demitida pela emissora em 2017, alegando que ficou sabendo disso por meio da imprensa, e tamb\u00e9m declarou que foi assediada por pessoas importantes dentro do canal.<\/p>\n<p>&#8220;Foi muito estranho, n\u00e3o tive nenhum aviso. Quando come\u00e7aram os boatos de que eu j\u00e1 tinha sido dispensada, liguei para a pessoa que tinha me dito que o contrato seria renovado e ela me falou que, de fato, ia ser descontinuado&#8221;, disparou, no Roda Viva, da TV Cultura.<\/p>\n<p>continua depois da publicidade<\/p>\n<p>A atriz processou a emissora em 2018, buscando reconhecimento de v\u00ednculo empregat\u00edcio e direitos trabalhistas ap\u00f3s 37 anos de trabalho. Longe das novelas desde Liberdade Liberdade (2016), a atriz foi vista recentemente na terceira temporada da s\u00e9rie Bom Dia, Ver\u00f4nica, da Netflix.<\/p>\n<p>Pedro Cardoso<\/p>\n<p><img decoding=\"async\" loading=\"lazy\" class=\"horizontal\" src=\"https:\/\/www.europesays.com\/pt\/wp-content\/uploads\/2025\/09\/carolina-ferraz-pedro-cardoso_5791.jpeg\" alt=\"Processo milion\u00e1rio, furto e mais: 5 artistas proibidos de pisar na Globo\"\/><\/p>\n<p>Pedro Cardoso ficou quase 30 anos na Globo, se consagrando ao viver Agostinho Carrara em A Grande Fam\u00edlia. Ap\u00f3s deixar o canal, o ator passou a destilar toda a sorte de cr\u00edticas, gerando diversas pol\u00eamicas em entrevistas e nas redes sociais.<\/p>\n<p>continua depois da publicidade<\/p>\n<p>Longe da telinha h\u00e1 alguns anos e atualmente morando em Portugal, Pedro j\u00e1 declarou ter vivido &#8220;inimigo total&#8221; da emissora.<\/p>\n<p>&#8220;N\u00e3o pela maneira como sa\u00ed, a minha m\u00e1goa \u00e9 contra o poder. A TV Globo n\u00e3o tem abertura para o projeto de um ator. Eu me queixo at\u00e9 hoje da TV Globo em rela\u00e7\u00e3o a isso com o resultado econ\u00f4mico que eu trouxe para ela. Ela tinha o dever social de ter se interessado pelo meu universo criativo&#8221;, declarou, em entrevista \u00e0 revista F\u00f3rum.<\/p>\n<p>Lucy Mafra<\/p>\n<p><img decoding=\"async\" loading=\"lazy\" class=\"horizontal\" src=\"https:\/\/www.europesays.com\/pt\/wp-content\/uploads\/2025\/09\/lucy-mafra-antes-depois_1524.jpeg\" alt=\"Processo milion\u00e1rio, furto e mais: 5 artistas proibidos de pisar na Globo\"\/><\/p>\n<p>Lucy Mafra fez diversas novelas da Globo entre os anos 1980 e 2000, geralmente em pequenas participa\u00e7\u00f5es. Sua \u00faltima atua\u00e7\u00e3o foi em Am\u00e9rica (2005), passagem que ficou marcada por um fato grave.<\/p>\n<p>continua depois da publicidade<\/p>\n<p>Durante as grava\u00e7\u00f5es, a atriz foi acusada por uma camareira do Projac (atual Est\u00fadios Globo) de furtar bolsas de colegas de elenco. Na \u00e9poca, por exemplo, sumiram R$ 300 da carteira de Christiane Torloni. Outras duas atrizes, Solange Couto e Jandira Martini, tamb\u00e9m teriam sido furtadas, mas n\u00e3o foi feita nenhuma den\u00fancia formal.<\/p>\n<p>Na \u00e9poca, ela negou as acusa\u00e7\u00f5es e disse que tudo n\u00e3o passou de um mal-entendido. Afastada da trama, nunca mais teve uma oportunidade na emissora, enfrentando dificuldades financeiras.<\/p>\n<p>continua depois da publicidade<\/p>\n<p>Ela foi morar com a m\u00e3e em Vassouras (RJ) e quando esta faleceu, Lucy ficou sem ter onde morar e entrou em depress\u00e3o profunda. Debilitada e precisando de ajuda para se locomover, ela morreu em 5 de dezembro de 2014, aos 60 anos, sem nunca ter nenhuma das acusa\u00e7\u00f5es contra elas oficialmente provadas.<\/p>\n<p>Desir\u00e9e Vignolli<\/p>\n<p><img decoding=\"async\" loading=\"lazy\" class=\"horizontal\" src=\"https:\/\/www.europesays.com\/pt\/wp-content\/uploads\/2025\/09\/desiree-vignolli-antes-depois_7006.jpeg\" alt=\"Processo milion\u00e1rio, furto e mais: 5 artistas proibidos de pisar na Globo\"\/><\/p>\n<p>Desir\u00e9e Vignolli estreou nas novelas em Jogo da Vida (1981) e esteve em diversas produ\u00e7\u00f5es da Globo nos anos 1980, com destaque para Que Rei Sou Eu (1989) e Mico Preto (1990). Ela foi dispensada pela emissora ap\u00f3s O Mapa da Mina (1993), mas voltaria \u00e0 telinha na miniss\u00e9rie Chiquinha Gonzaga (1999), quando foi cortada ap\u00f3s um grave incidente.<\/p>\n<p>continua depois da publicidade<\/p>\n<p>Ela foi presa naquele ano ap\u00f3s roubar a bolsa de uma colega em uma academia, levando tal\u00f5es de cheque e cart\u00f5es de cr\u00e9ditos. Desir\u00e9e foi detida quando estava em casa, depois de ter tentado fazer compras num supermercado, numa loja de brinquedos e numa loja de roupas para crian\u00e7as.<\/p>\n<p>&#8220;Agi no desespero de n\u00e3o ter o que dar para meus filhos e por causa das d\u00edvidas que tenho de cheques pr\u00e9-datados e com bancos&#8221;, justificou. &#8220;Se eu pudesse voltar um dia na minha vida pode ter certeza de que n\u00e3o faria isso de novo, pois estou muito arrependida&#8221;, declarou, em entrevista.<\/p>\n<p>continua depois da publicidade<\/p>\n<p>Depois disso, sua carreira de atriz acabou de vez, sendo banida da Globo. Ap\u00f3s atuar em outras \u00e1reas, sendo, por exemplo, vendedora, Desir\u00e9e morreu em 21 de janeiro de 2018, aos 52 anos, ap\u00f3s sofrer um infarto fulminante.<\/p>\n","protected":false},"excerpt":{"rendered":"Processos milion\u00e1rios na Justi\u00e7a, cr\u00edticas, acusa\u00e7\u00e3o de furto e pris\u00e3o. Por diferentes motivos, astros e estrelas que brilharam&hellip;\n","protected":false},"author":2,"featured_media":63052,"comment_status":"","ping_status":"","sticky":false,"template":"","format":"standard","meta":{"footnotes":""},"categories":[145],"tags":[3287,211,210,114,115,753,15058,32,33],"class_list":{"0":"post-63051","1":"post","2":"type-post","3":"status-publish","4":"format-standard","5":"has-post-thumbnail","7":"category-celebridades","8":"tag-carolina-ferraz","9":"tag-celebridades","10":"tag-celebrities","11":"tag-entertainment","12":"tag-entretenimento","13":"tag-globo","14":"tag-pedro-cardoso","15":"tag-portugal","16":"tag-pt"},"share_on_mastodon":{"url":"","error":""},"_links":{"self":[{"href":"https:\/\/www.europesays.com\/pt\/wp-json\/wp\/v2\/posts\/63051","targetHints":{"allow":["GET"]}}],"collection":[{"href":"https:\/\/www.europesays.com\/pt\/wp-json\/wp\/v2\/posts"}],"about":[{"href":"https:\/\/www.europesays.com\/pt\/wp-json\/wp\/v2\/types\/post"}],"author":[{"embeddable":true,"href":"https:\/\/www.europesays.com\/pt\/wp-json\/wp\/v2\/users\/2"}],"replies":[{"embeddable":true,"href":"https:\/\/www.europesays.com\/pt\/wp-json\/wp\/v2\/comments?post=63051"}],"version-history":[{"count":0,"href":"https:\/\/www.europesays.com\/pt\/wp-json\/wp\/v2\/posts\/63051\/revisions"}],"wp:featuredmedia":[{"embeddable":true,"href":"https:\/\/www.europesays.com\/pt\/wp-json\/wp\/v2\/media\/63052"}],"wp:attachment":[{"href":"https:\/\/www.europesays.com\/pt\/wp-json\/wp\/v2\/media?parent=63051"}],"wp:term":[{"taxonomy":"category","embeddable":true,"href":"https:\/\/www.europesays.com\/pt\/wp-json\/wp\/v2\/categories?post=63051"},{"taxonomy":"post_tag","embeddable":true,"href":"https:\/\/www.europesays.com\/pt\/wp-json\/wp\/v2\/tags?post=63051"}],"curies":[{"name":"wp","href":"https:\/\/api.w.org\/{rel}","templated":true}]}}