{"id":63064,"date":"2025-09-08T16:11:08","date_gmt":"2025-09-08T16:11:08","guid":{"rendered":"https:\/\/www.europesays.com\/pt\/63064\/"},"modified":"2025-09-08T16:11:08","modified_gmt":"2025-09-08T16:11:08","slug":"eduardo-madeira-celebra-12-anos-de-casamento-tem-sido-ca-uma-viagem","status":"publish","type":"post","link":"https:\/\/www.europesays.com\/pt\/63064\/","title":{"rendered":"Eduardo Madeira celebra 12 anos de casamento: &#8220;Tem sido c\u00e1 uma viagem&#8221;"},"content":{"rendered":"<p>Eduardo Madeira e a mulher, Joana Machado Madeira, tiveram no passado fim de semana motivos para celebrar. O casal completou no domingo, 7 de setembro, 12 anos de casamento.\u00a0<\/p>\n<p>Apaixonado, o ator e humorista usou a sua conta oficial de Instagram para declarar-se \u00e0 mulher da sua vida.\u00a0<\/p>\n<p>&#8220;12 anos de casamento.\u00a0Tem sido c\u00e1 uma viagem.\u00a0S\u00f3 n\u00e3o voltava ao in\u00edcio porque iria perder muita coisa.\u00a0Love U \ufe0f[amo-te], Joana Machado Madeira&#8221;, escreveu.<\/p>\n<p>Eduardo Madeira juntou \u00e0s suas palavras diversas fotografias captadas num momento rom\u00e2ntico ao final do dia.\u00a0<\/p>\n<p>As rea\u00e7\u00f5es de amigos e f\u00e3s<\/p>\n<blockquote class=\"instagram-media\" style=\"background: #FFF; border: 0; border-radius: 3px; box-shadow: 0 0 1px 0 rgba(0,0,0,0.5),0 1px 10px 0 rgba(0,0,0,0.15); margin: 1px; max-width: 540px; min-width: 326px; padding: 0; width: calc(100% - 2px);\" data-instgrm-permalink=\"https:\/\/www.instagram.com\/p\/DOT4_0XDG1Z\/?utm_source=ig_embed&amp;utm_campaign=loading\" data-instgrm-version=\"14\"><p>&#13;<br \/>\n                                                    &#13;\n                                                    <\/p><\/blockquote>\n<p>Nos coment\u00e1rios da partilha foram muitas as rea\u00e7\u00f5es de f\u00e3s e amigos, que quiseram mostrar carinho e parabenizar o casal.\u00a0<\/p>\n<p>&#8220;T\u00eam aqui um f\u00e3. Abra\u00e7os apertados aos dois&#8221;, declarou o escritor Pedro Chagas Freitas.\u00a0<\/p>\n<p>&#8220;Parab\u00e9ns, pombinhos&#8221;, escreveu o radialista Pedro Fernandes.\u00a0<\/p>\n<p>&#8220;Parab\u00e9ns&#8221;, disse a atriz Margarida Moreira.\u00a0<\/p>\n<p>Um amor com 19 anos de diferen\u00e7a de idade\u00a0<\/p>\n<p>Eduardo Madeira e Joana conheceram-se nas grava\u00e7\u00f5es de um sketch humor\u00edstico. A atriz e criadora de conte\u00fado digital tinha na altura 19 anos e o ator quase 39 anos.\u00a0<\/p>\n<p>&#8220;Ela estava a adaptar-se a uma nova vida em Lisboa, a estudar teatro e a lutar para pagar a renda. Ele passava por uma fase conturbada a n\u00edvel pessoal&#8221;, cita a R\u00e1dio Comercial no programa de r\u00e1dio &#8216;Ouvir Falar de Amor&#8217; &#8211; no qual o casal contou a sua hist\u00f3ria em novembro de 2023.\u00a0<\/p>\n<p>A diferen\u00e7a de idade, 19 anos, entre Joana e Eduardo nunca foi impedimento para o amor fluir entre o casal. Desta rela\u00e7\u00e3o de longa data resultam j\u00e1 dois rebentos.<\/p>\n<p>Foi em 2013 que nasceu a primeira filha dos atores, Leonor. Anos depois, em 2021, o casal teve a segunda filha em comum: Carolina. J\u00e1 Eduardo Madeira \u00e9 ainda pai de um jovem rapaz, Rodrigo, de 24 anos, fruto de uma anterior rela\u00e7\u00e3o.\u00a0<\/p>\n<p>&#8220;Tr\u00eas filhos. Sinto que j\u00e1 estou a meio do percurso. Faltam s\u00f3 mais tr\u00eas e fecho a loja&#8221;, disse Eduardo Madeira em agosto deste ano, juntando \u00e0s suas palavras uma fotografia atualizada dos seus tr\u00eas rebentos.<\/p>\n<p>Ora veja:<\/p>\n<blockquote class=\"instagram-media\" style=\"background: #FFF; border: 0; border-radius: 3px; box-shadow: 0 0 1px 0 rgba(0,0,0,0.5),0 1px 10px 0 rgba(0,0,0,0.15); margin: 1px; max-width: 540px; min-width: 326px; padding: 0; width: calc(100% - 2px);\" data-instgrm-permalink=\"https:\/\/www.instagram.com\/p\/DNwMNqL2O_C\/?utm_source=ig_embed&amp;utm_campaign=loading\" data-instgrm-version=\"14\"><p>&#13;<br \/>\n                                                    &#13;\n                                                    <\/p><\/blockquote>\n<p>A pol\u00e9mica recente que envolveu Eduardo e Joana Madeira<\/p>\n<p>Em julho deste ano, Eduardo e Joana Madeira estiveram envolvidos numa pol\u00e9mica relacionada com as acusa\u00e7\u00f5es de viol\u00eancia dom\u00e9stica a respeito de Manuel Marques.\u00a0<\/p>\n<p>A atriz foi convidada a marcar presen\u00e7a no programa &#8216;Manh\u00e3s CM&#8217;, da CMTV, para fazer novas revela\u00e7\u00f5es sobre o caso de viol\u00eancia dom\u00e9stica no qual o ator \u00e9 acusado de agredir f\u00edsica e psicologicamente a filha mais velha.\u00a0<\/p>\n<p>Entre as mais chocantes e reveladoras declara\u00e7\u00f5es de Joana Machado Madeira est\u00e3o aquelas em que a atriz contou que Manuel Marques exigiu ser padrinho da sua filha mais nova, Carolina, de quatro anos.\u00a0<\/p>\n<p>&#8220;O Manuel ser padrinho da minha filha mais nova&#8230; eu n\u00e3o sei se o Manuel sabe o nome da minha filha mais nova&#8221;, come\u00e7ou por referir a atriz, que juntamente com o marido apadrinhou igualmente a filha mais nova de Manuel Marques, Elisa, mas a convite da ex-mulher do ator.\u00a0<\/p>\n<p>                                                    <img decoding=\"async\" src=\"https:\/\/www.europesays.com\/pt\/wp-content\/uploads\/2025\/09\/naom_688213faeb312.jpg\" border=\"0\" alt=\"\"\/><\/p>\n<p>Beatriz Prates insurgiu-se contra Joana Machado Madeira depois de a atriz ter ido \u00e0 CMTV fazer &#8220;acusa\u00e7\u00f5es grav\u00edssimas&#8221; sobre Manuel Marques. A mulher de Eduardo Madeira chegou mesmo a dizer que Manuel a amea\u00e7ou a ela e ao marido para que o escolhessem como padrinho da filha mais nova.<\/p>\n<p>                                                     Not\u00edcias ao Minuto | 12:16 &#8211; 24\/07\/2025 <\/p>\n<p>                                            <script async src=\"\/\/www.instagram.com\/embed.js\"><\/script><\/p>\n","protected":false},"excerpt":{"rendered":"Eduardo Madeira e a mulher, Joana Machado Madeira, tiveram no passado fim de semana motivos para celebrar. O&hellip;\n","protected":false},"author":2,"featured_media":63065,"comment_status":"","ping_status":"","sticky":false,"template":"","format":"standard","meta":{"footnotes":""},"categories":[145],"tags":[211,210,114,115,32,33],"class_list":{"0":"post-63064","1":"post","2":"type-post","3":"status-publish","4":"format-standard","5":"has-post-thumbnail","7":"category-celebridades","8":"tag-celebridades","9":"tag-celebrities","10":"tag-entertainment","11":"tag-entretenimento","12":"tag-portugal","13":"tag-pt"},"share_on_mastodon":{"url":"","error":""},"_links":{"self":[{"href":"https:\/\/www.europesays.com\/pt\/wp-json\/wp\/v2\/posts\/63064","targetHints":{"allow":["GET"]}}],"collection":[{"href":"https:\/\/www.europesays.com\/pt\/wp-json\/wp\/v2\/posts"}],"about":[{"href":"https:\/\/www.europesays.com\/pt\/wp-json\/wp\/v2\/types\/post"}],"author":[{"embeddable":true,"href":"https:\/\/www.europesays.com\/pt\/wp-json\/wp\/v2\/users\/2"}],"replies":[{"embeddable":true,"href":"https:\/\/www.europesays.com\/pt\/wp-json\/wp\/v2\/comments?post=63064"}],"version-history":[{"count":0,"href":"https:\/\/www.europesays.com\/pt\/wp-json\/wp\/v2\/posts\/63064\/revisions"}],"wp:featuredmedia":[{"embeddable":true,"href":"https:\/\/www.europesays.com\/pt\/wp-json\/wp\/v2\/media\/63065"}],"wp:attachment":[{"href":"https:\/\/www.europesays.com\/pt\/wp-json\/wp\/v2\/media?parent=63064"}],"wp:term":[{"taxonomy":"category","embeddable":true,"href":"https:\/\/www.europesays.com\/pt\/wp-json\/wp\/v2\/categories?post=63064"},{"taxonomy":"post_tag","embeddable":true,"href":"https:\/\/www.europesays.com\/pt\/wp-json\/wp\/v2\/tags?post=63064"}],"curies":[{"name":"wp","href":"https:\/\/api.w.org\/{rel}","templated":true}]}}