{"id":63066,"date":"2025-09-08T16:13:08","date_gmt":"2025-09-08T16:13:08","guid":{"rendered":"https:\/\/www.europesays.com\/pt\/63066\/"},"modified":"2025-09-08T16:13:08","modified_gmt":"2025-09-08T16:13:08","slug":"festa-do-livro-de-belem-reagendada-para-final-de-setembro-observador","status":"publish","type":"post","link":"https:\/\/www.europesays.com\/pt\/63066\/","title":{"rendered":"Festa do Livro de Bel\u00e9m reagendada para final de setembro \u2013 Observador"},"content":{"rendered":"<p>O Presidente da Rep\u00fablica reagendou para entre 25 e 28 de setembro a Festa do Livro cancelada devido ao acidente com o elevador da Gl\u00f3ria, em Lisboa, mantendo-a no local habitual, os jardins do Pal\u00e1cio de Bel\u00e9m.<\/p>\n<p>De acordo com uma nota publicada esta segunda-feira no s\u00edtio oficial da Presid\u00eancia da Rep\u00fablica na Internet, \u201ca Festa do Livro em Bel\u00e9m i<strong>r\u00e1 realizar-se entre os dias 25 e 28 de setembro<\/strong>, nos jardins do Pal\u00e1cio de Bel\u00e9m\u201d e \u201ca nova programa\u00e7\u00e3o ser\u00e1 divulgada em breve\u201d.<\/p>\n<p>Devido ao <a href=\"https:\/\/observador.pt\/2025\/09\/03\/elevador-da-gloria-em-lisboa-descarrilou-bombeiros-estao-no-local\/\" rel=\"nofollow noopener\" target=\"_blank\">acidente com o elevador da Gl\u00f3ria<\/a>, em Lisboa, ocorrido na quarta-feira passada, que provocou 16 mortos e v\u00e1rios feridos com gravidade, Marcelo Rebelo de Sousa anunciou nessa noite o cancelamento da Festa do Livro no Pal\u00e1cio de Bel\u00e9m que iria decorrer entre quinta-feira e domingo.<\/p>\n<p>Segundo uma nota publicada na altura, a Festa do Livro iria ser \u201cmarcada para data a fixar e em recinto fechado\u201d, em acordo com a Associa\u00e7\u00e3o Portuguesa de Editores e Livreiros (APEL).<\/p>\n<p>Na nota divulgada esta segunda-feira, \u201co Presidente da Rep\u00fablica reitera o seu agradecimento a todos os editores e livreiros associados da APEL, aos artistas e demais entidades envolvidas, pela pronta solidariedade e compreens\u00e3o demonstradas ao longo dos \u00faltimos dias\u201d.<\/p>\n<p>\u201cA nova programa\u00e7\u00e3o ser\u00e1 divulgada em breve, esperando que as fam\u00edlias, os f\u00e3s de livros e de m\u00fasica, possam responder positivamente ao convite do Presidente da Rep\u00fablica para a que ser\u00e1 a \u00faltima edi\u00e7\u00e3o da Festa do Livro em Bel\u00e9m dos seus mandatos presidenciais\u201d, acrescenta-se na mesma nota.<\/p>\n<p>Esta <strong>ser\u00e1 a oitava e \u00faltima edi\u00e7\u00e3o da Festa do Livro\u00a0nos jardins Pal\u00e1cio de Bel\u00e9m<\/strong>, uma iniciativa,\u00a0com entrada livre, que Marcelo Rebelo de Sousa lan\u00e7ou no seu primeiro ano como chefe de Estado, 2016, em colabora\u00e7\u00e3o com a APEL, para promover a leitura.<\/p>\n<p>Nos jardins do pal\u00e1cio, al\u00e9m das bancas para venda de livros e sess\u00f5es de aut\u00f3grafos, h\u00e1 debates, cinema, m\u00fasica e atividades para crian\u00e7as. A Festa do Livro n\u00e3o se realizou em 2020 e 2021\u00a0devido \u00e0 pandemia de covid-19.<\/p>\n<p>No programa original da edi\u00e7\u00e3o deste ano, entre 4 e 7 de setembro, estavam previstos concertos de Carolina Deslandes, de Rui Veloso, de B\u00e1rbara Tinoco e dos Xutos &amp; Pontap\u00e9s. O programa inclu\u00eda tamb\u00e9m um debate sobre \u201cPortugal e o Futuro\u201d, com Manuela Ferreira Leite e Ant\u00f3nio Barreto, moderado por Pedro Mexia.<\/p>\n<p>                            Se tiver uma hist\u00f3ria que queira partilhar sobre irregularidades na sua autarquia, preencha<br \/>\n                            <a href=\"https:\/\/forms.gle\/uQ1gDpSwmRd7ezUf8\" target=\"_blank\" rel=\"noopener noreferrer nofollow\">este formul\u00e1rio an\u00f3nimo<\/a>.<\/p>\n","protected":false},"excerpt":{"rendered":"O Presidente da Rep\u00fablica reagendou para entre 25 e 28 de setembro a Festa do Livro cancelada devido&hellip;\n","protected":false},"author":2,"featured_media":63067,"comment_status":"","ping_status":"","sticky":false,"template":"","format":"standard","meta":{"footnotes":""},"categories":[143],"tags":[17502,169,315,114,115,864,170,588,57,302,32,589,33,58],"class_list":{"0":"post-63066","1":"post","2":"type-post","3":"status-publish","4":"format-standard","5":"has-post-thumbnail","7":"category-livros","8":"tag-belu00e9m","9":"tag-books","10":"tag-cultura","11":"tag-entertainment","12":"tag-entretenimento","13":"tag-literatura","14":"tag-livros","15":"tag-marcelo-rebelo-de-sousa","16":"tag-pau00eds","17":"tag-polu00edtica","18":"tag-portugal","19":"tag-presidente-da-repu00fablica","20":"tag-pt","21":"tag-sociedade"},"share_on_mastodon":{"url":"","error":""},"_links":{"self":[{"href":"https:\/\/www.europesays.com\/pt\/wp-json\/wp\/v2\/posts\/63066","targetHints":{"allow":["GET"]}}],"collection":[{"href":"https:\/\/www.europesays.com\/pt\/wp-json\/wp\/v2\/posts"}],"about":[{"href":"https:\/\/www.europesays.com\/pt\/wp-json\/wp\/v2\/types\/post"}],"author":[{"embeddable":true,"href":"https:\/\/www.europesays.com\/pt\/wp-json\/wp\/v2\/users\/2"}],"replies":[{"embeddable":true,"href":"https:\/\/www.europesays.com\/pt\/wp-json\/wp\/v2\/comments?post=63066"}],"version-history":[{"count":0,"href":"https:\/\/www.europesays.com\/pt\/wp-json\/wp\/v2\/posts\/63066\/revisions"}],"wp:featuredmedia":[{"embeddable":true,"href":"https:\/\/www.europesays.com\/pt\/wp-json\/wp\/v2\/media\/63067"}],"wp:attachment":[{"href":"https:\/\/www.europesays.com\/pt\/wp-json\/wp\/v2\/media?parent=63066"}],"wp:term":[{"taxonomy":"category","embeddable":true,"href":"https:\/\/www.europesays.com\/pt\/wp-json\/wp\/v2\/categories?post=63066"},{"taxonomy":"post_tag","embeddable":true,"href":"https:\/\/www.europesays.com\/pt\/wp-json\/wp\/v2\/tags?post=63066"}],"curies":[{"name":"wp","href":"https:\/\/api.w.org\/{rel}","templated":true}]}}