{"id":63157,"date":"2025-09-08T17:38:19","date_gmt":"2025-09-08T17:38:19","guid":{"rendered":"https:\/\/www.europesays.com\/pt\/63157\/"},"modified":"2025-09-08T17:38:19","modified_gmt":"2025-09-08T17:38:19","slug":"ministro-da-educacao-considera-encerrada-polemica-u-porto-observador","status":"publish","type":"post","link":"https:\/\/www.europesays.com\/pt\/63157\/","title":{"rendered":"Ministro da Educa\u00e7\u00e3o considera &#8220;encerrada&#8221; pol\u00e9mica U.Porto \u2013 Observador"},"content":{"rendered":"<p>O ministro da Educa\u00e7\u00e3o, Ci\u00eancia e Inova\u00e7\u00e3o disse esta segunda-feira, no Porto, que, para o Minist\u00e9rio que titula, \u201cest\u00e1 encerrado\u201d o assunto relativo ao pol\u00e9mico concurso especial de acesso ao Mestrado Integrado em Medicina da Universidade do Porto (U.Porto).<\/p>\n<p>Contudo, admitiu que, \u201cface ao que aconteceu, perante irregularidades, t\u00eam de existir consequ\u00eancias dentro da institui\u00e7\u00e3o\u201d e que, <strong>se o reitor da U.Porto apresentar a sua demiss\u00e3o, aceitar\u00e1.<\/strong><\/p>\n<p>O reitor da Universidade do Porto (U.Porto), Ant\u00f3nio de Sousa Pereira, <a href=\"https:\/\/observador.pt\/2025\/09\/05\/reitor-da-universidade-do-porto-denuncia-pressao-para-admitir-candidatos-sem-a-nota-minima-para-medicina\/\" rel=\"nofollow noopener\" target=\"_blank\">denunciou na sexta-feira ter recebido press\u00f5es de v\u00e1rias pessoas para deixar entrar na Faculdade de Medicina 30 candidatos<\/a> que n\u00e3o tinham obtido a classifica\u00e7\u00e3o m\u00ednima na prova exigida no curso especial de acesso ao Mestrado Integrado.<\/p>\n<p>O ministro falava esta segunda-feira aos jornalistas no final da inaugura\u00e7\u00e3o na nova resid\u00eancia universit\u00e1ria criada pela Federa\u00e7\u00e3o Acad\u00e9mica do Porto, na qual Ant\u00f3nio de Sousa Pereira n\u00e3o esteve presente.<\/p>\n<p>Fernando Alexandre disse aos jornalistas que, no domingo, foi contactado telefonicamente pelo reitor da Universidade do Porto a manifestar-lhe \u201cpreocupa\u00e7\u00e3o\u201d com o facto de que \u201cesta situa\u00e7\u00e3o pudesse prejudicar a rela\u00e7\u00e3o entre a Universidade do Porto e o Minist\u00e9rio da Educa\u00e7\u00e3o, Ci\u00eancia e Inova\u00e7\u00e3o\u201d.<\/p>\n<p>\u201cObviamente, eu garanti-lhe que <strong>o Governo trata todos os cidad\u00e3os e todas as institui\u00e7\u00f5es por igual<\/strong> e a Universidade do Porto \u00e9 uma grande institui\u00e7\u00e3o e, nem que n\u00e3o fosse, as institui\u00e7\u00f5es s\u00e3o todas iguais, as rela\u00e7\u00f5es manter-se-\u00e3o institucionalmente como anteriormente\u201d, acrescentou.<\/p>\n<p>O ministro disse ainda n\u00e3o compreender a raz\u00e3o porque o assunto relativo a esta quest\u00e3o surgiu na sexta-feira, quando tinha havido uma conversa a 21 de agosto em que, perante a base ilegal existente, se tinha conclu\u00eddo que \u201cn\u00e3o havia nada a fazer\u201d.<\/p>\n<p>\u201cVolto a dizer isso, o Minist\u00e9rio n\u00e3o pode fazer mais nada. Da parte do Minist\u00e9rio, o assunto est\u00e1 completamente encerrado. Eu at\u00e9 tenho dificuldade em perceber porque \u00e9 que este tema surge a 5 de setembro, quando h\u00e1 um e-mail para o Sr. reitor a fechar o problema, a dizer que n\u00e3o h\u00e1 mais nada a fazer\u201d, afirmou.<\/p>\n<p>E acrescentou: \u201cEu agora espero \u00e9 que, de facto, a Universidade do Porto, que \u00e9 uma institui\u00e7\u00e3o important\u00edssima, <strong>tenha a capacidade de resolver o problema e que possa, de facto, centrar-se naquilo que \u00e9 essencial<\/strong>\u201c.<\/p>\n<p>\u201cEu n\u00e3o interfiro. Eu respeito. Se h\u00e1 uma marca deste Governo, que, ali\u00e1s, foi salientada mais uma vez com a aprova\u00e7\u00e3o do regime jur\u00eddico das institui\u00e7\u00f5es de ensino superior, \u00e9 a valoriza\u00e7\u00e3o que damos \u00e0 autonomia das institui\u00e7\u00f5es\u201d, frisou.<\/p>\n<p>Entretanto, os candidatos ao concurso especial de acesso ao Mestrado Integrado em Medicina da Universidade do Porto (U.Porto) confessaram-se lesados pela U. Porto, referindo que mudaram de cidade, abandonaram empregos de anos, investiram em im\u00f3veis e desistiram de mestrados.<\/p>\n<p>\u201cN\u00f3s, candidatos afetados, tom\u00e1mos decis\u00f5es de boa-f\u00e9 com base na confian\u00e7a no processo: mud\u00e1mos de cidade, abandon\u00e1mos empregos de anos, desistimos de mestrados, investimos em im\u00f3veis e reorganiz\u00e1mos vidas pessoais, acreditando nas vagas que nos foram atribu\u00eddas\u201d, l\u00ea-se numa nota de esclarecimento dos candidatos enviada \u00e0 Lusa.<\/p>\n<p>Em causa est\u00e1 uma not\u00edcia do jornal Expresso, a quem o reitor da U.Porto denunciou ter recebido press\u00f5es de v\u00e1rias pessoas \u201cinfluentes\u201d, sem querer adiantar nomes, para deixar entrar na Faculdade de Medicina 30 candidatos que n\u00e3o tinham obtido a classifica\u00e7\u00e3o m\u00ednima na prova exigida no curso especial de acesso para licenciados em outras \u00e1reas.<\/p>\n<p>O ministro da Educa\u00e7\u00e3o manifestou, ent\u00e3o, \u201cenorme desilus\u00e3o\u201d face ao reitor da Universidade do Porto, que <a href=\"https:\/\/observador.pt\/2025\/09\/05\/ministro-da-educacao-reage-a-polemica-sobre-curso-de-medicina-no-porto-o-senhor-reitor-da-universidade-do-porto-mentiu\/\" rel=\"nofollow noopener\" target=\"_blank\">acusou de mentir<\/a>.<\/p>\n<p>A <a href=\"https:\/\/observador.pt\/2025\/09\/04\/nova-residencia-universitaria-do-porto-paga-com-queima-das-fitas-abre-dia-11-de-setembro\/\" rel=\"nofollow noopener\" target=\"_blank\">nova resid\u00eancia estudantil da Federa\u00e7\u00e3o Acad\u00e9mica do Porto<\/a>, esta segunda-feira inaugurada, custou 150 mil euros que foram pagos com receitas da Queima das Fitas e vai abrir portas na quinta-feira, na Pra\u00e7a do Marqu\u00eas, a 24 estudantes bolseiros.<\/p>\n<p>A Academia 24 do Marqu\u00eas tem 24 camas distribu\u00eddas por seis quartos com 26 metros quadrados (m2), dois quartos com 16 m2 e dois quartos com 10 m2, duas cozinhas equipadas, duas salas de estar. A resid\u00eancia tem tamb\u00e9m espa\u00e7os de trabalho comum, duas casas de banho e um sal\u00e3o de jogos, avan\u00e7ou esta segunda-feira o presidente da Federa\u00e7\u00e3o Acad\u00e9mica do Porto, Francisco Fernandes.<\/p>\n<p>                            Se tiver uma hist\u00f3ria que queira partilhar sobre irregularidades na sua autarquia, preencha<br \/>\n                            <a href=\"https:\/\/forms.gle\/uQ1gDpSwmRd7ezUf8\" target=\"_blank\" rel=\"noopener noreferrer nofollow\">este formul\u00e1rio an\u00f3nimo<\/a>.<\/p>\n","protected":false},"excerpt":{"rendered":"O ministro da Educa\u00e7\u00e3o, Ci\u00eancia e Inova\u00e7\u00e3o disse esta segunda-feira, no Porto, que, para o Minist\u00e9rio que titula,&hellip;\n","protected":false},"author":2,"featured_media":63158,"comment_status":"","ping_status":"","sticky":false,"template":"","format":"standard","meta":{"footnotes":""},"categories":[10],"tags":[27,28,2023,4224,15,16,14,25,26,21,22,12,13,19,20,17520,302,32,23,24,33,17,18,29,30,31,17521,540],"class_list":{"0":"post-63157","1":"post","2":"type-post","3":"status-publish","4":"format-standard","5":"has-post-thumbnail","7":"category-portugal","8":"tag-breaking-news","9":"tag-breakingnews","10":"tag-educau00e7u00e3o","11":"tag-ensino-superior","12":"tag-featured-news","13":"tag-featurednews","14":"tag-headlines","15":"tag-latest-news","16":"tag-latestnews","17":"tag-main-news","18":"tag-mainnews","19":"tag-news","20":"tag-noticias","21":"tag-noticias-principais","22":"tag-noticiasprincipais","23":"tag-polu00e9mica","24":"tag-polu00edtica","25":"tag-portugal","26":"tag-principais-noticias","27":"tag-principaisnoticias","28":"tag-pt","29":"tag-top-stories","30":"tag-topstories","31":"tag-ultimas","32":"tag-ultimas-noticias","33":"tag-ultimasnoticias","34":"tag-universidade-do-porto","35":"tag-universidades"},"share_on_mastodon":{"url":"","error":""},"_links":{"self":[{"href":"https:\/\/www.europesays.com\/pt\/wp-json\/wp\/v2\/posts\/63157","targetHints":{"allow":["GET"]}}],"collection":[{"href":"https:\/\/www.europesays.com\/pt\/wp-json\/wp\/v2\/posts"}],"about":[{"href":"https:\/\/www.europesays.com\/pt\/wp-json\/wp\/v2\/types\/post"}],"author":[{"embeddable":true,"href":"https:\/\/www.europesays.com\/pt\/wp-json\/wp\/v2\/users\/2"}],"replies":[{"embeddable":true,"href":"https:\/\/www.europesays.com\/pt\/wp-json\/wp\/v2\/comments?post=63157"}],"version-history":[{"count":0,"href":"https:\/\/www.europesays.com\/pt\/wp-json\/wp\/v2\/posts\/63157\/revisions"}],"wp:featuredmedia":[{"embeddable":true,"href":"https:\/\/www.europesays.com\/pt\/wp-json\/wp\/v2\/media\/63158"}],"wp:attachment":[{"href":"https:\/\/www.europesays.com\/pt\/wp-json\/wp\/v2\/media?parent=63157"}],"wp:term":[{"taxonomy":"category","embeddable":true,"href":"https:\/\/www.europesays.com\/pt\/wp-json\/wp\/v2\/categories?post=63157"},{"taxonomy":"post_tag","embeddable":true,"href":"https:\/\/www.europesays.com\/pt\/wp-json\/wp\/v2\/tags?post=63157"}],"curies":[{"name":"wp","href":"https:\/\/api.w.org\/{rel}","templated":true}]}}