{"id":63163,"date":"2025-09-08T17:41:07","date_gmt":"2025-09-08T17:41:07","guid":{"rendered":"https:\/\/www.europesays.com\/pt\/63163\/"},"modified":"2025-09-08T17:41:07","modified_gmt":"2025-09-08T17:41:07","slug":"premio-municipal-de-arquitetura-de-ilhavo-atribuido-a-projeto-na-costa-nova","status":"publish","type":"post","link":"https:\/\/www.europesays.com\/pt\/63163\/","title":{"rendered":"Pr\u00e9mio Municipal de Arquitetura de \u00cdlhavo atribu\u00eddo a projeto na Costa Nova"},"content":{"rendered":"<p>A cerim\u00f3nia de entrega do Pr\u00e9mio Municipal de Arquitetura de \u00cdlhavo &#8211; Ant\u00f3nio Sarrico decorreu na tarde de ontem, no audit\u00f3rio do Museu Mar\u00edtimo. Esta \u00e9 j\u00e1 a segunda edi\u00e7\u00e3o do evento, de car\u00e1ter bienal, que visa distinguir os projetos de \u00abgrande qualidade\u00bb que \u00abdignificam\u00bb \u00cdlhavo, conforme explica o pr\u00f3prio munic\u00edpio. Com 97 anos de idade, o arquiteto ilhavense que d\u00e1 o nome a este pr\u00e9mio n\u00e3o deixou de marcar presen\u00e7a na cerim\u00f3nia.<br \/>Ant\u00f3nio Figueiredo, do atelier Espa\u00e7o Objecto &#8211; Arquitectura e Design, foi escolhido como o grande vencedor de entre as 16 obras pr\u00e9-selecionadas para a premia\u00e7\u00e3o, conclu\u00eddas no bi\u00e9nio 2023-2024. \u00abEsta obra n\u00e3o teria sido poss\u00edvel se n\u00e3o estivesse perante uma equipa que tem trabalhado comigo h\u00e1 muitos anos\u00bb, come\u00e7ou por dizer o arquiteto, acrescentando que \u00abvamos continuar a trabalhar para ganhar mais pr\u00e9mios\u00bb.<\/p>\n","protected":false},"excerpt":{"rendered":"A cerim\u00f3nia de entrega do Pr\u00e9mio Municipal de Arquitetura de \u00cdlhavo &#8211; Ant\u00f3nio Sarrico decorreu na tarde de&hellip;\n","protected":false},"author":2,"featured_media":63164,"comment_status":"","ping_status":"","sticky":false,"template":"","format":"standard","meta":{"footnotes":""},"categories":[144],"tags":[207,205,206,203,201,202,204,114,115,32,33],"class_list":{"0":"post-63163","1":"post","2":"type-post","3":"status-publish","4":"format-standard","5":"has-post-thumbnail","7":"category-arte-e-design","8":"tag-arte","9":"tag-arte-e-design","10":"tag-artedesign","11":"tag-arts","12":"tag-arts-and-design","13":"tag-artsanddesign","14":"tag-design","15":"tag-entertainment","16":"tag-entretenimento","17":"tag-portugal","18":"tag-pt"},"share_on_mastodon":{"url":"","error":""},"_links":{"self":[{"href":"https:\/\/www.europesays.com\/pt\/wp-json\/wp\/v2\/posts\/63163","targetHints":{"allow":["GET"]}}],"collection":[{"href":"https:\/\/www.europesays.com\/pt\/wp-json\/wp\/v2\/posts"}],"about":[{"href":"https:\/\/www.europesays.com\/pt\/wp-json\/wp\/v2\/types\/post"}],"author":[{"embeddable":true,"href":"https:\/\/www.europesays.com\/pt\/wp-json\/wp\/v2\/users\/2"}],"replies":[{"embeddable":true,"href":"https:\/\/www.europesays.com\/pt\/wp-json\/wp\/v2\/comments?post=63163"}],"version-history":[{"count":0,"href":"https:\/\/www.europesays.com\/pt\/wp-json\/wp\/v2\/posts\/63163\/revisions"}],"wp:featuredmedia":[{"embeddable":true,"href":"https:\/\/www.europesays.com\/pt\/wp-json\/wp\/v2\/media\/63164"}],"wp:attachment":[{"href":"https:\/\/www.europesays.com\/pt\/wp-json\/wp\/v2\/media?parent=63163"}],"wp:term":[{"taxonomy":"category","embeddable":true,"href":"https:\/\/www.europesays.com\/pt\/wp-json\/wp\/v2\/categories?post=63163"},{"taxonomy":"post_tag","embeddable":true,"href":"https:\/\/www.europesays.com\/pt\/wp-json\/wp\/v2\/tags?post=63163"}],"curies":[{"name":"wp","href":"https:\/\/api.w.org\/{rel}","templated":true}]}}