{"id":63214,"date":"2025-09-08T18:20:22","date_gmt":"2025-09-08T18:20:22","guid":{"rendered":"https:\/\/www.europesays.com\/pt\/63214\/"},"modified":"2025-09-08T18:20:22","modified_gmt":"2025-09-08T18:20:22","slug":"gregos-com-mais-de-quatro-filhos-deixam-de-pagar-impostos","status":"publish","type":"post","link":"https:\/\/www.europesays.com\/pt\/63214\/","title":{"rendered":"Gregos com mais de quatro filhos deixam de pagar impostos"},"content":{"rendered":"<p>&#13;<br \/>\nO l\u00edder do governo grego considera estes valores como uma <b>&#8220;amea\u00e7a nacional&#8221;<\/b> e, por isso, sublinha a import\u00e2ncia das medidas da reforma fiscal no pa\u00eds.<br \/>&#13;\n<\/p>\n<p>&#13;<br \/>\nKyriakos Mitsotakis anunciou esta segunda-feira, uma reforma fiscal que inclui uma <b>redu\u00e7\u00e3o de impostos<\/b> estimada em <b>1,6 mil milh\u00f5es de euros<\/b>. As medidas come\u00e7am a ser <b>aplicadas a partir de 2026<\/b>, incluem tamb\u00e9m uma <b>redu\u00e7\u00e3o de dois pontos<\/b> em todos os escal\u00f5es do imposto sobre o rendimento.\u00a0&#13;\n<\/p>\n<p>&#13;<br \/>\nDe acordo com o l\u00edder do governo grego, esta \u00e9 a <b>reforma fiscal mais ambiciosa<\/b> implementada no pa\u00eds na \u00faltima metade do s\u00e9culo.\u00a0&#13;\n<\/p>\n<p>&#13;<br \/>\nEst\u00e3o tamb\u00e9m previstas dedu\u00e7\u00f5es fiscais para residentes em zonas rurais e fundos para povoa\u00e7\u00f5es com menos de 1.500 habitantes. <br \/>&#13;\n<\/p>\n<p>&#13;<br \/>\nAs zonas mais inacess\u00edveis v\u00e3o estar<b> isentas do imposto sobre bens im\u00f3veis<\/b>.\u00a0&#13;\n<\/p>\n<p>&#13;<br \/>\nOutra medida com que Atenas espera i<b>ncentivar os jovens a mudarem-se para esses locais<\/b>, onde a habita\u00e7\u00e3o \u00e9 muito mais acess\u00edvel.&#13;\n<\/p>\n<p>\nNo entanto, a medida que est\u00e1 a chamar mais a aten\u00e7\u00e3o \u00e9 a que<b> isenta de pagar impostos<\/b> as fam\u00edlias com <b>mais de quatro filhos<\/b> e baixos rendimentos.\u00a0&#8220;Sabemos que o custo de vida \u00e9 diferente quando se tem um, dois ou tr\u00eas filhos, por isso o Estado deve procurar uma forma de recompensar os nossos cidad\u00e3os que optaram&#8221; por ter mais filhos, defende o primeiro-ministro grego.<\/p>\n<p>&#13;<br \/>\nA Gr\u00e9cia tem cerca de <b>10,2 milh\u00f5es de habitantes<\/b>, mas, a manter-se esta taxa de natalidade, espera-se que sejam <b>oito milh\u00f5es em 2050<\/b>.\u00a0&#13;\n<\/p>\n<p>&#13;<br \/>\nAs estimativas do Eurostat indicam que em 2050\u00a0 <b>36 por cento da popula\u00e7\u00e3o ter\u00e1 mais de 65 anos<\/b>.\u00a0A taxa de fertilidade na Gr\u00e9cia caiu para metade desde o in\u00edcio da crise econ\u00f3mica, h\u00e1 15 anos.&#13;\n<\/p>\n<p>O ministro das Finan\u00e7as destaca, por isso, que a reforma fiscal grega \u201cd\u00e1 grande \u00eanfase a este problema. Como respons\u00e1vel pela equipa econ\u00f3mica, diria que a <b>m\u00e1xima prioridade \u00e9 a quest\u00e3o demogr\u00e1fica&#8221;.<br \/>&#13;<br \/>\n<\/b><\/p>\n<p>&#13;<br \/>\nNos \u00faltimos 15 anos, <b>mais de 500 mil gregos deixaram o pa\u00eds<\/b>, os <b>mais jovens foram dos mais afetados<\/b> pelos cortes a que a Troika obrigou o pa\u00eds e isso tamb\u00e9m explica a queda da natalidade, apontam alguns analistas.<br \/>&#13;\n<\/p>\n<p><\/p>\n","protected":false},"excerpt":{"rendered":"&#13; O l\u00edder do governo grego considera estes valores como uma &#8220;amea\u00e7a nacional&#8221; e, por isso, sublinha a&hellip;\n","protected":false},"author":2,"featured_media":63215,"comment_status":"","ping_status":"","sticky":false,"template":"","format":"standard","meta":{"footnotes":""},"categories":[10],"tags":[27,28,15,16,14,25,26,21,22,12,13,19,20,32,23,24,33,420,421,17,18,29,30,31],"class_list":{"0":"post-63214","1":"post","2":"type-post","3":"status-publish","4":"format-standard","5":"has-post-thumbnail","7":"category-portugal","8":"tag-breaking-news","9":"tag-breakingnews","10":"tag-featured-news","11":"tag-featurednews","12":"tag-headlines","13":"tag-latest-news","14":"tag-latestnews","15":"tag-main-news","16":"tag-mainnews","17":"tag-news","18":"tag-noticias","19":"tag-noticias-principais","20":"tag-noticiasprincipais","21":"tag-portugal","22":"tag-principais-noticias","23":"tag-principaisnoticias","24":"tag-pt","25":"tag-rtp","26":"tag-rtp-noticias","27":"tag-top-stories","28":"tag-topstories","29":"tag-ultimas","30":"tag-ultimas-noticias","31":"tag-ultimasnoticias"},"share_on_mastodon":{"url":"","error":""},"_links":{"self":[{"href":"https:\/\/www.europesays.com\/pt\/wp-json\/wp\/v2\/posts\/63214","targetHints":{"allow":["GET"]}}],"collection":[{"href":"https:\/\/www.europesays.com\/pt\/wp-json\/wp\/v2\/posts"}],"about":[{"href":"https:\/\/www.europesays.com\/pt\/wp-json\/wp\/v2\/types\/post"}],"author":[{"embeddable":true,"href":"https:\/\/www.europesays.com\/pt\/wp-json\/wp\/v2\/users\/2"}],"replies":[{"embeddable":true,"href":"https:\/\/www.europesays.com\/pt\/wp-json\/wp\/v2\/comments?post=63214"}],"version-history":[{"count":0,"href":"https:\/\/www.europesays.com\/pt\/wp-json\/wp\/v2\/posts\/63214\/revisions"}],"wp:featuredmedia":[{"embeddable":true,"href":"https:\/\/www.europesays.com\/pt\/wp-json\/wp\/v2\/media\/63215"}],"wp:attachment":[{"href":"https:\/\/www.europesays.com\/pt\/wp-json\/wp\/v2\/media?parent=63214"}],"wp:term":[{"taxonomy":"category","embeddable":true,"href":"https:\/\/www.europesays.com\/pt\/wp-json\/wp\/v2\/categories?post=63214"},{"taxonomy":"post_tag","embeddable":true,"href":"https:\/\/www.europesays.com\/pt\/wp-json\/wp\/v2\/tags?post=63214"}],"curies":[{"name":"wp","href":"https:\/\/api.w.org\/{rel}","templated":true}]}}