{"id":63315,"date":"2025-09-08T19:26:30","date_gmt":"2025-09-08T19:26:30","guid":{"rendered":"https:\/\/www.europesays.com\/pt\/63315\/"},"modified":"2025-09-08T19:26:30","modified_gmt":"2025-09-08T19:26:30","slug":"sesau-alerta-sobre-importancia-da-prevencao-as-infeccoes-sexualmente-transmissiveis","status":"publish","type":"post","link":"https:\/\/www.europesays.com\/pt\/63315\/","title":{"rendered":"Sesau alerta sobre import\u00e2ncia da preven\u00e7\u00e3o \u00e0s Infec\u00e7\u00f5es Sexualmente Transmiss\u00edveis"},"content":{"rendered":"<p style=\"margin-bottom:0cm;margin-bottom:.0001pt;line-height:&#13;&#10;150%\">A&#13;<br \/>\nSecretaria de Estado da Sa\u00fade (Sesau) faz um alerta \u00e0 popula\u00e7\u00e3o sobre a&#13;<br \/>\nimport\u00e2ncia da preven\u00e7\u00e3o e acesso aos servi\u00e7os especializados de diagn\u00f3stico e&#13;<br \/>\ntratamento das Infec\u00e7\u00f5es Sexualmente Transmiss\u00edveis (ISTs). Em Macei\u00f3, o&#13;<br \/>\natendimento \u00e9 feito pelo Servi\u00e7o de Atendimento Especializado (SAE) dispon\u00edvel no&#13;<br \/>\nHospital Helvio Auto, no Trapiche; na Cl\u00ednica da Fam\u00edlia Dr. Jo\u00e3o Fireman, no&#13;<br \/>\nJacintinho; no PAM Salgadinho, no Po\u00e7o; e no Hospital Universit\u00e1rio, no bairro&#13;<br \/>\nCidade Universit\u00e1ria.<\/p>\n<p>&#13;<br \/>\n&#13;<\/p>\n<p style=\"margin-bottom:0cm;margin-bottom:.0001pt;line-height:&#13;&#10;150%\">\u00a0<\/p>\n<p>&#13;<br \/>\n&#13;<\/p>\n<p style=\"margin-bottom:0cm;margin-bottom:.0001pt;line-height:&#13;&#10;150%\">No&#13;<br \/>\ninterior, o SAE funciona nos munic\u00edpios de Arapiraca, Uni\u00e3o dos Palmares e&#13;<br \/>\nPalmeira dos \u00cdndios. Al\u00e9m disso, os Centros de Testagem e Aconselhamento garantem&#13;<br \/>\natendimento tamb\u00e9m em Marechal Deodoro, Maragogi, Delmiro Gouveia, Matriz de&#13;<br \/>\nCamaragibe, Pilar, Rio Largo e S\u00e3o Luiz do Quitunde, ampliando o acesso da&#13;<br \/>\npopula\u00e7\u00e3o ao diagn\u00f3stico precoce e tratamento.<\/p>\n<p>&#13;<br \/>\n&#13;<\/p>\n<p style=\"margin-bottom:0cm;margin-bottom:.0001pt;line-height:&#13;&#10;150%\">\u00a0<\/p>\n<p>&#13;<br \/>\n&#13;<\/p>\n<p style=\"margin-bottom:0cm;margin-bottom:.0001pt;line-height:&#13;&#10;150%\">A&#13;<br \/>\ncoordenadora do Programa Estadual de Controle das IST\/Aids e Hepatites Virais&#13;<br \/>\nda Sesau, enfermeira Hillary Gabrielle, esclarece que pessoas sexualmente ativas&#13;<br \/>\ndevem buscar testagem regular e, em caso de diagn\u00f3stico positivo, \u00e9 fundamental&#13;<br \/>\niniciar o tratamento o quanto antes.<\/p>\n<p>&#13;<br \/>\n&#13;<br \/>\n&#13;<br \/>\n&#13;<\/p>\n<p style=\"margin-bottom:0cm;margin-bottom:.0001pt;line-height:&#13;&#10;150%\"><img decoding=\"async\" src=\"http:\/\/alagoas.al.gov.br\/imagens\/conteudos\/8acce9d4c12a6a0feb6a161a5ab2e36d\/\/08092025 SESAU ISTs DIAGNOSTICO PREVENCAO HILLARY COORDENADORA (CC) (3).JPG\" style=\"width: 1553px;\"\/><\/p>\n<p>&#13;<br \/>\n&#13;<\/p>\n<p style=\"margin-bottom:0cm;margin-bottom:.0001pt;line-height:&#13;&#10;150%\">\u00a0<\/p>\n<p>&#13;<br \/>\n&#13;<\/p>\n<p style=\"margin-bottom:0cm;margin-bottom:.0001pt;line-height:&#13;&#10;150%\">\u201cAlgumas&#13;<br \/>\nISTs podem ser assintom\u00e1ticas, ou seja, a pessoa n\u00e3o percebe nenhum sinal da&#13;<br \/>\ndoen\u00e7a, o que aumenta o risco de transmiss\u00e3o. Por isso, a testagem regular \u00e9&#13;<br \/>\nessencial, mesmo quando n\u00e3o h\u00e1 sintomas aparentes. Quanto mais cedo \u00e9 iniciado&#13;<br \/>\no cuidado, melhor a resposta ao tratamento e menor a chance de transmiss\u00e3o\u201d,&#13;<br \/>\nrelata a profissional.<\/p>\n<p>&#13;<br \/>\n&#13;<\/p>\n<p style=\"margin-bottom:0cm;margin-bottom:.0001pt;line-height:&#13;&#10;150%\">\u00a0<\/p>\n<p>&#13;<br \/>\n&#13;<\/p>\n<p style=\"margin-bottom:0cm;margin-bottom:.0001pt;line-height:&#13;&#10;150%\">Ela&#13;<br \/>\nsalienta que a preven\u00e7\u00e3o continua sendo a principal ferramenta no combate \u00e0s&#13;<br \/>\ninfec\u00e7\u00f5es sexualmente transmiss\u00edveis. \u201cUma das principais medidas para garantir&#13;<br \/>\na sa\u00fade sexual \u00e9 manter uma boa higiene da regi\u00e3o \u00edntima. E isso vale tanto&#13;<br \/>\npara a mulher quanto para o homem. Al\u00e9m disso, o uso de preservativos em todas&#13;<br \/>\nas rela\u00e7\u00f5es \u00e9 primordial para a preven\u00e7\u00e3o de infec\u00e7\u00f5es sexualmente transmiss\u00edveis&#13;<br \/>\ne outras doen\u00e7as\u201d.<\/p>\n<p>&#13;<br \/>\n&#13;<\/p>\n<p style=\"margin-bottom:0cm;margin-bottom:.0001pt;line-height:&#13;&#10;150%\">\u00a0<\/p>\n<p>&#13;<br \/>\n&#13;<\/p>\n<p style=\"margin-bottom:0cm;margin-bottom:.0001pt;line-height:&#13;&#10;150%\">Hillary&#13;<br \/>\nGabrielle explica que \u00e9 preciso entender como ocorre a transmiss\u00e3o para compreender&#13;<br \/>\na import\u00e2ncia da preven\u00e7\u00e3o. A maioria das ISTs \u00e9 transmitida por meio da&#13;<br \/>\nrela\u00e7\u00e3o sexual sem o uso de preservativo, mas n\u00e3o \u00e9 a \u00fanica forma.<\/p>\n<p>&#13;<br \/>\n&#13;<\/p>\n<p style=\"margin-bottom:0cm;margin-bottom:.0001pt;line-height:&#13;&#10;150%\">\u00a0<\/p>\n<p>&#13;<br \/>\n&#13;<\/p>\n<p style=\"margin-bottom:0cm;margin-bottom:.0001pt;line-height:&#13;&#10;150%\">\u201cDoen\u00e7as&#13;<br \/>\ncomo HIV, S\u00edfilis, Hepatite B e C e o HTLV s\u00e3o transmitidas por via sexual, mas&#13;<br \/>\ntamb\u00e9m podem ser passadas da m\u00e3e para o beb\u00ea durante a gesta\u00e7\u00e3o, parto ou na&#13;<br \/>\namamenta\u00e7\u00e3o, e ainda por contato com sangue contaminado durante o compartilhamento&#13;<br \/>\nde seringas ou acidentes com objetos perfurocortantes\u201d, diz Hillary Gabrielle.<\/p>\n<p>&#13;<br \/>\n&#13;<\/p>\n<p style=\"margin-bottom:0cm;margin-bottom:.0001pt;line-height:&#13;&#10;150%\">\u00a0<\/p>\n<p>&#13;<br \/>\n&#13;<\/p>\n<p style=\"margin-bottom:0cm;margin-bottom:.0001pt;line-height:&#13;&#10;150%\">A&#13;<br \/>\ncoordenadora enfatiza que al\u00e9m do uso de preservativos existem outras&#13;<br \/>\nferramentas eficazes na preven\u00e7\u00e3o do HIV. \u201cContamos com a Profilaxia&#13;<br \/>\nPr\u00e9-Exposi\u00e7\u00e3o (PrEP) e a Profilaxia P\u00f3s-Exposi\u00e7\u00e3o (PEP). Em caso de rela\u00e7\u00e3o&#13;<br \/>\nsexual desprotegida, viol\u00eancia sexual ou acidente com material perfurocortante,&#13;<br \/>\na recomenda\u00e7\u00e3o \u00e9 fazer o uso da PEP em at\u00e9 72 horas. J\u00e1 a PrEP \u00e9 um medicamento&#13;<br \/>\npreventivo, de uso di\u00e1rio ates da rela\u00e7\u00e3o sexual, que reduz significativamente&#13;<br \/>\no risco de adquirir o HIV\u201d.<\/p>\n<p>&#13;<br \/>\n&#13;<\/p>\n<p style=\"margin-bottom:0cm;margin-bottom:.0001pt;line-height:&#13;&#10;150%\">\u00a0<\/p>\n<p>&#13;<br \/>\n&#13;<\/p>\n<p style=\"margin-bottom:0cm;margin-bottom:.0001pt;line-height:&#13;&#10;150%\"><img decoding=\"async\" src=\"http:\/\/alagoas.al.gov.br\/imagens\/conteudos\/8acce9d4c12a6a0feb6a161a5ab2e36d\/\/08092025 SESAU ISTs DIAGNOSTICO PREVENCAO (CC) (2).JPG\" style=\"width: 1553px;\"\/><\/p>\n<p>&#13;<br \/>\n&#13;<br \/>\n&#13;<\/p>\n<p style=\"margin-bottom:0cm;margin-bottom:.0001pt;line-height:&#13;&#10;150%\">Segundo&#13;<br \/>\nela, o teste r\u00e1pido deve ser realizado de acordo com a realidade de cada&#13;<br \/>\nindiv\u00edduo, levando em conta os diferentes perfis de exposi\u00e7\u00e3o. \u201cNa popula\u00e7\u00e3o em&#13;<br \/>\ngeral, que n\u00e3o est\u00e1 em situa\u00e7\u00e3o de risco, o teste deve ser feito pelo menos uma&#13;<br \/>\nvez ao ano. J\u00e1 em alguns grupos populacionais, como pessoas em priva\u00e7\u00e3o de&#13;<br \/>\nliberdade ou que j\u00e1 tiveram outras ISTs, \u00e9 recomendado realizar o teste a cada&#13;<br \/>\nseis meses. As pessoas que fazem uso da PrEP precisam fazer um teste r\u00e1pido a&#13;<br \/>\ncada tr\u00eas meses. Lembrando que \u00e9 um teste fidedigno e o resultado \u00e9 divulgado entre&#13;<br \/>\n15 e 25 minutos\u201d, pontua.<\/p>\n<p>&#13;<\/p>\n","protected":false},"excerpt":{"rendered":"A&#13; Secretaria de Estado da Sa\u00fade (Sesau) faz um alerta \u00e0 popula\u00e7\u00e3o sobre a&#13; import\u00e2ncia da preven\u00e7\u00e3o e&hellip;\n","protected":false},"author":2,"featured_media":63316,"comment_status":"","ping_status":"","sticky":false,"template":"","format":"standard","meta":{"footnotes":""},"categories":[86],"tags":[15048,9012,15039,726,15045,211,109,315,15041,15046,476,1062,15044,116,15043,3276,15040,3177,62,15038,52,32,33,15042,117,15047],"class_list":{"0":"post-63315","1":"post","2":"type-post","3":"status-publish","4":"format-standard","5":"has-post-thumbnail","7":"category-saude","8":"tag-agreste","9":"tag-alagoas","10":"tag-arapiraca","11":"tag-brasil","12":"tag-cacimbinhas","13":"tag-celebridades","14":"tag-ciencia","15":"tag-cultura","16":"tag-delmiro-gouveia","17":"tag-dois-riachos","18":"tag-economia","19":"tag-esportes","20":"tag-estrela-de-alagoas","21":"tag-health","22":"tag-igaci","23":"tag-litoral","24":"tag-maceio","25":"tag-meio-ambiente","26":"tag-mundo","27":"tag-palmeira-dos-indios","28":"tag-politica","29":"tag-portugal","30":"tag-pt","31":"tag-santana-do-ipanema","32":"tag-saude","33":"tag-sertao"},"share_on_mastodon":{"url":"","error":""},"_links":{"self":[{"href":"https:\/\/www.europesays.com\/pt\/wp-json\/wp\/v2\/posts\/63315","targetHints":{"allow":["GET"]}}],"collection":[{"href":"https:\/\/www.europesays.com\/pt\/wp-json\/wp\/v2\/posts"}],"about":[{"href":"https:\/\/www.europesays.com\/pt\/wp-json\/wp\/v2\/types\/post"}],"author":[{"embeddable":true,"href":"https:\/\/www.europesays.com\/pt\/wp-json\/wp\/v2\/users\/2"}],"replies":[{"embeddable":true,"href":"https:\/\/www.europesays.com\/pt\/wp-json\/wp\/v2\/comments?post=63315"}],"version-history":[{"count":0,"href":"https:\/\/www.europesays.com\/pt\/wp-json\/wp\/v2\/posts\/63315\/revisions"}],"wp:featuredmedia":[{"embeddable":true,"href":"https:\/\/www.europesays.com\/pt\/wp-json\/wp\/v2\/media\/63316"}],"wp:attachment":[{"href":"https:\/\/www.europesays.com\/pt\/wp-json\/wp\/v2\/media?parent=63315"}],"wp:term":[{"taxonomy":"category","embeddable":true,"href":"https:\/\/www.europesays.com\/pt\/wp-json\/wp\/v2\/categories?post=63315"},{"taxonomy":"post_tag","embeddable":true,"href":"https:\/\/www.europesays.com\/pt\/wp-json\/wp\/v2\/tags?post=63315"}],"curies":[{"name":"wp","href":"https:\/\/api.w.org\/{rel}","templated":true}]}}