{"id":63325,"date":"2025-09-08T19:32:07","date_gmt":"2025-09-08T19:32:07","guid":{"rendered":"https:\/\/www.europesays.com\/pt\/63325\/"},"modified":"2025-09-08T19:32:07","modified_gmt":"2025-09-08T19:32:07","slug":"sporting-cidade-do-futebol-recebe-jogo-da-youth-league","status":"publish","type":"post","link":"https:\/\/www.europesays.com\/pt\/63325\/","title":{"rendered":"Sporting: Cidade do Futebol recebe jogo da Youth League"},"content":{"rendered":"<p>A UEFA j\u00e1 oficializou no seu site o local do jogo entre Sporting e Kairat Almaty, no arranque da 12.\u00aa edi\u00e7\u00e3o da Youth League: a Cidade do Futebol, em Oeiras.<\/p>\n<p>Esta altera\u00e7\u00e3o deve-se ao facto de o tapete verde do Est\u00e1dio Aur\u00e9lio Pereira, em Alcochete, estar a ser substitu\u00eddo, o que impede, assim, a utiliza\u00e7\u00e3o do espa\u00e7o para o primeiro jogo da referida prova da UEFA, tal como tem acontecido em \u00e9pocas anteriores.<\/p>\n<p>O encontro est\u00e1 marcado para dia 18, uma quinta-feira, \u00e0s 13h00.<\/p>\n","protected":false},"excerpt":{"rendered":"A UEFA j\u00e1 oficializou no seu site o local do jogo entre Sporting e Kairat Almaty, no arranque&hellip;\n","protected":false},"author":2,"featured_media":63326,"comment_status":"","ping_status":"","sticky":false,"template":"","format":"standard","meta":{"footnotes":""},"categories":[8],"tags":[27,28,15,16,14,25,26,21,22,12,13,19,20,32,23,24,33,17,18,29,30,31],"class_list":{"0":"post-63325","1":"post","2":"type-post","3":"status-publish","4":"format-standard","5":"has-post-thumbnail","7":"category-principais-noticias","8":"tag-breaking-news","9":"tag-breakingnews","10":"tag-featured-news","11":"tag-featurednews","12":"tag-headlines","13":"tag-latest-news","14":"tag-latestnews","15":"tag-main-news","16":"tag-mainnews","17":"tag-news","18":"tag-noticias","19":"tag-noticias-principais","20":"tag-noticiasprincipais","21":"tag-portugal","22":"tag-principais-noticias","23":"tag-principaisnoticias","24":"tag-pt","25":"tag-top-stories","26":"tag-topstories","27":"tag-ultimas","28":"tag-ultimas-noticias","29":"tag-ultimasnoticias"},"share_on_mastodon":{"url":"","error":""},"_links":{"self":[{"href":"https:\/\/www.europesays.com\/pt\/wp-json\/wp\/v2\/posts\/63325","targetHints":{"allow":["GET"]}}],"collection":[{"href":"https:\/\/www.europesays.com\/pt\/wp-json\/wp\/v2\/posts"}],"about":[{"href":"https:\/\/www.europesays.com\/pt\/wp-json\/wp\/v2\/types\/post"}],"author":[{"embeddable":true,"href":"https:\/\/www.europesays.com\/pt\/wp-json\/wp\/v2\/users\/2"}],"replies":[{"embeddable":true,"href":"https:\/\/www.europesays.com\/pt\/wp-json\/wp\/v2\/comments?post=63325"}],"version-history":[{"count":0,"href":"https:\/\/www.europesays.com\/pt\/wp-json\/wp\/v2\/posts\/63325\/revisions"}],"wp:featuredmedia":[{"embeddable":true,"href":"https:\/\/www.europesays.com\/pt\/wp-json\/wp\/v2\/media\/63326"}],"wp:attachment":[{"href":"https:\/\/www.europesays.com\/pt\/wp-json\/wp\/v2\/media?parent=63325"}],"wp:term":[{"taxonomy":"category","embeddable":true,"href":"https:\/\/www.europesays.com\/pt\/wp-json\/wp\/v2\/categories?post=63325"},{"taxonomy":"post_tag","embeddable":true,"href":"https:\/\/www.europesays.com\/pt\/wp-json\/wp\/v2\/tags?post=63325"}],"curies":[{"name":"wp","href":"https:\/\/api.w.org\/{rel}","templated":true}]}}