{"id":63327,"date":"2025-09-08T19:35:04","date_gmt":"2025-09-08T19:35:04","guid":{"rendered":"https:\/\/www.europesays.com\/pt\/63327\/"},"modified":"2025-09-08T19:35:04","modified_gmt":"2025-09-08T19:35:04","slug":"casas-no-mato-4-projetos-modernos-que-se-integram-a-natureza-casa-com-br","status":"publish","type":"post","link":"https:\/\/www.europesays.com\/pt\/63327\/","title":{"rendered":"Casas no mato: 4 projetos modernos que se integram \u00e0 natureza &#8211; CASA.COM.BR"},"content":{"rendered":"<ol>\n<li><a href=\"https:\/\/news.google.com\/rss\/articles\/CBMiqAFBVV95cUxPb25DMjFpdEJETWlELVI3OGVORE9NbldBalpWZktXQzR0ZFc3bjB0aWxHcDZsN3hKVEdEMFBxbW5OeUhoQ1dGQ1hzWnNRSzlaQklONzhsdzVjelB2djdoX1ZVcmpEMVNIekZVVlBZVWlic2N4c2JnODlDX2x2SUJXNmdsZy05VVVDRC1BQm1pQzBfNHdqOXRMUzh5ZGFmcTh2MHJhR3o3VXHSAagBQVVfeXFMT29uQzIxaXRCRE1pRC1SNzhlTkRPTW5XQWpaVmZLV0M0dGRXN24wdGlsR3A2bDd4SlRHRDBQcW1uTnlIaENXRkNYc1pzUUs5WkJJTjc4bHc1Y3pQdnY3aF9WVXJqRDFTSHpGVVZQWVVpYnNjeHNiZzg5Q19sdklCVzZnbGctOVVVQ0QtQUJtaUMwXzR3ajl0TFM4eWRhZnE4djByYUd6N1Vx?oc=5\" target=\"_blank\" rel=\"nofollow noopener\">Casas no mato: 4 projetos modernos que se integram \u00e0 natureza<\/a>&nbsp;&nbsp;CASA.COM.BR<\/li>\n<li><a href=\"https:\/\/news.google.com\/rss\/articles\/CBMi7AFBVV95cUxQQXlkMUI2eTFZY2laSG52OXVJUlpQQy1HYXFpLTVBOFBMdzN4NUt2eGtBM3A2R0FYWDFnRnA3TDdfMUpEMGxGUklqbU5fRFgxeEd5dU10QmQ0WkZiN3NkNXVValZMUnhaZWh2b2tZMjdFMlZWem5hbHkwV3M0SjVRLWp6VVNLYW9CMzNib0JDV082bWUzVkJmNnJoSFlZLVItTHVxNnMzSXoyQjI0LTFPMWFxS3BUTnZCaDJvMFMwcHJ4NW5DV3hQZ3dTV3h1d25uVGY5dk9oa2pwNEdkaGJTRmFwa3VUdnVyS1FzN9IB-wFBVV95cUxNSDRQUld5N0dkcEVNYnhPSWtIWUNXMVNELS1iVFN0ekkyTnJLRVhTUXdqZlo3eGxzSUVoZGRxNGNNNWtsSzNvei1VYVIwWkpId0ZkalJ1MHVlcDJpRnlnTzh6bWhEUlduOHVhQlpxMlJwQ1pvWXFPZURFbU14NndfVUo0Z1R4V29Hdkw5R2h3OWN1UVZuakg0ZmdTSEVWYTRDT1l1WnRBZ2xmai1yU3JORDRkMWsxMDhBN05oREpwaXhOR3l5cnQzVC1tYzBZWVBuTC02anpCb0JiYU1VTENHSnVNV2lsNkRUWEVMa2JNZ2R0QjZfTi03R3V3QQ?oc=5\" target=\"_blank\" rel=\"nofollow noopener\">Constru\u00e7\u00e3o de casa no campo preza pela sustentabilidade inclui at\u00e9 ateli\u00ea de cer\u00e2mica<\/a>&nbsp;&nbsp;Casa e Jardim<\/li>\n<li><a href=\"https:\/\/news.google.com\/rss\/articles\/CBMiuwFBVV95cUxQQ2puSWxSUTNMSDY3UG1SSTczdFFvbGNmZG1BQmRwLUdVRm12YXdCSUQtSHBNRE5OZzZ5RXotYk5kblZHcEh1NWJBSXlHT1RFdWN4S2JCUFFabHM5aURqU1RXQ1BnREhxb3lmWjVGUTV3UXVzVm5ZbE5qWTlvbzMzaTBOenY4OUVoNS05OFUzQU9ZdlUwRmwzYjktWFl4bWs5cjI4clVBVlN3VE9udTQwM1RUREhiaWxMV204?oc=5\" target=\"_blank\" rel=\"nofollow noopener\">Casas no mato: 4 projetos para ter m\u00e1ximo contato com a natureza<\/a>&nbsp;&nbsp;CASACOR<\/li>\n<li><a href=\"https:\/\/news.google.com\/rss\/articles\/CBMitgFBVV95cUxPUERKd2JOazAwdzdMczVxR3pMSEpuNzZ6Zkx2dlU5YXlJSFBYSmJjUUtDYjl4Y0ZXZ1BrRWl5SnBmZ2s2SEpjd1VTbW4tYTI4N1NRd2V2QllIUTJEcDV3NjVvSHA3TXQtNU0wMFkxTExHR2Z4MWcyOXc5UkFEcjNrekFaVmVmVU9EdkxBV1VqMkFXbjF6SUhpN2JVRTMxaTdBcUs2ejhfU0U5Qk9pX0VhZ3FsVU9zQQ?oc=5\" target=\"_blank\" rel=\"nofollow noopener\">No meio do cerrado, casa de 512 m\u00b2 se instala em meio a sete \u00e1rvores<\/a>&nbsp;&nbsp;CASACOR<\/li>\n<\/ol>\n","protected":false},"excerpt":{"rendered":"Casas no mato: 4 projetos modernos que se integram \u00e0 natureza&nbsp;&nbsp;CASA.COM.BR Constru\u00e7\u00e3o de casa no campo preza pela&hellip;\n","protected":false},"author":2,"featured_media":63328,"comment_status":"","ping_status":"","sticky":false,"template":"","format":"standard","meta":{"footnotes":""},"categories":[144],"tags":[207,205,206,203,201,202,204,114,115,32,33],"class_list":{"0":"post-63327","1":"post","2":"type-post","3":"status-publish","4":"format-standard","5":"has-post-thumbnail","7":"category-arte-e-design","8":"tag-arte","9":"tag-arte-e-design","10":"tag-artedesign","11":"tag-arts","12":"tag-arts-and-design","13":"tag-artsanddesign","14":"tag-design","15":"tag-entertainment","16":"tag-entretenimento","17":"tag-portugal","18":"tag-pt"},"share_on_mastodon":{"url":"","error":""},"_links":{"self":[{"href":"https:\/\/www.europesays.com\/pt\/wp-json\/wp\/v2\/posts\/63327","targetHints":{"allow":["GET"]}}],"collection":[{"href":"https:\/\/www.europesays.com\/pt\/wp-json\/wp\/v2\/posts"}],"about":[{"href":"https:\/\/www.europesays.com\/pt\/wp-json\/wp\/v2\/types\/post"}],"author":[{"embeddable":true,"href":"https:\/\/www.europesays.com\/pt\/wp-json\/wp\/v2\/users\/2"}],"replies":[{"embeddable":true,"href":"https:\/\/www.europesays.com\/pt\/wp-json\/wp\/v2\/comments?post=63327"}],"version-history":[{"count":0,"href":"https:\/\/www.europesays.com\/pt\/wp-json\/wp\/v2\/posts\/63327\/revisions"}],"wp:featuredmedia":[{"embeddable":true,"href":"https:\/\/www.europesays.com\/pt\/wp-json\/wp\/v2\/media\/63328"}],"wp:attachment":[{"href":"https:\/\/www.europesays.com\/pt\/wp-json\/wp\/v2\/media?parent=63327"}],"wp:term":[{"taxonomy":"category","embeddable":true,"href":"https:\/\/www.europesays.com\/pt\/wp-json\/wp\/v2\/categories?post=63327"},{"taxonomy":"post_tag","embeddable":true,"href":"https:\/\/www.europesays.com\/pt\/wp-json\/wp\/v2\/tags?post=63327"}],"curies":[{"name":"wp","href":"https:\/\/api.w.org\/{rel}","templated":true}]}}