{"id":63416,"date":"2025-09-08T20:31:13","date_gmt":"2025-09-08T20:31:13","guid":{"rendered":"https:\/\/www.europesays.com\/pt\/63416\/"},"modified":"2025-09-08T20:31:13","modified_gmt":"2025-09-08T20:31:13","slug":"val-marchiori-desabafa-sobre-cancer-e-faz-alerta-importante","status":"publish","type":"post","link":"https:\/\/www.europesays.com\/pt\/63416\/","title":{"rendered":"Val Marchiori desabafa sobre c\u00e2ncer e faz alerta importante"},"content":{"rendered":"<p>Em tratamento contra um c\u00e2ncer de mama &#8211; ela passou por uma cirurgia para a retirada do tumor na semana passada -, Val Marchiori abriu o cora\u00e7\u00e3o em entrevista a Carolina Ferraz no Domingo Espetacular, da Record, e admitiu que nunca tinha feito uma mamografia.<\/p>\n<p>continua depois da publicidade<\/p>\n<p>&#8220;Eu agora tenho vergonha de n\u00e3o ter feito antes. Eu sempre tive medo de ficar sem mama. Por isso talvez eu tenha demorado a fazer, medo tamb\u00e9m, mas parecia que eu sentia que tinha [o c\u00e2ncer]&#8221;, revelou.<\/p>\n<p>+ <a href=\"https:\/\/natelinha.uol.com.br\/colunas\/joao-paulo-dell-santo\/2025\/09\/08\/mudancas-na-globo-nao-param-no-jornal-nacional-230980.php\" rel=\"nofollow noopener\" target=\"_blank\">Mudan\u00e7as na Globo n\u00e3o param no Jornal Nacional<\/a><\/p>\n<p>+ <a href=\"https:\/\/natelinha.uol.com.br\/televisao\/2025\/09\/06\/maria-beltrao-derruba-xicara-de-cafe-no-tapete-e-se-assusta-com-galinha-no-e-de-casa-230953.php\" rel=\"nofollow noopener\" target=\"_blank\">Maria Beltr\u00e3o derruba x\u00edcara de caf\u00e9 no tapete e se assusta com galinha no \u00c9 De Casa<\/a><\/p>\n<p>&#8220;Deus tem os planos dele, mas d\u00e1 cada rasteira na gente. A gente faz os planos, de repente, para tudo e acabou! Me deu crise de p\u00e2nico, crise de ansiedade, comecei a chorar do nada. \u00c9 uma turbul\u00eancia na sua vida, tira seu ch\u00e3o. Acabou a sua vida! Voc\u00ea se v\u00ea totalmente impotente&#8221;,\u00a0desabafou <a href=\"https:\/\/natelinha.uol.com.br\/famosos\/tudo-sobre\/val-marchiori\" rel=\"nofollow noopener\" target=\"_blank\">Val Marchiori<\/a> sobre o diagn\u00f3stico.<\/p>\n<p>continua depois da publicidade<\/p>\n<p>&#8220;\u00c9 rezar, pedir a Deus. Foram noites sem dormir, passei uma semana sem dormir nada, nem com rem\u00e9dio. \u00c9 pesadelo em cima de pesadelo. &#8216;Eu vou morrer, n\u00e3o vou ver meus filhos crescerem. Ser\u00e1 que meus filhos est\u00e3o prontos para viver sem a m\u00e3e?'&#8221;,\u00a0declarou a famosa sobre a crise de ansiedade que teve.<\/p>\n<p>&#8220;De todas as batalhas que eu j\u00e1 tive, essa est\u00e1 sendo a mais dif\u00edcil, a que mais est\u00e1 mexendo com o meu psicol\u00f3gico. Agora tem que esperar, tirou o tumor, daqui a 40 dias come\u00e7o o tratamento, v\u00e3o ver se vai ser r\u00e1dio, se vai ser s\u00f3 quimio. Eu falei: &#8216;Doutora, n\u00e3o quero nem saber, s\u00f3 tira isso de mim'&#8221;, confidenciou Marchiori.<\/p>\n<p>continua depois da publicidade<\/p>\n<p>Val Marchiori revela liga\u00e7\u00e3o de Vera Viel e Rodrigo Faro<\/p>\n<p><img decoding=\"async\" loading=\"lazy\" class=\"horizontal\" src=\"https:\/\/www.europesays.com\/pt\/wp-content\/uploads\/2025\/09\/val-marchiori-e-carolina-ferraz_9020.jpeg\" alt=\"Val Marchiori desabafa sobre c\u00e2ncer e faz alerta importante\"\/><\/p>\n<p>No papo, Val Marchiori revelou que recebeu uma liga\u00e7\u00e3o do casal Vera Viel e Rodrigo Faro. &#8220;A Vera e o Rodrigo Faro me ligaram, &#8216;voc\u00ea j\u00e1 tem m\u00e9dico?&#8217;. A Vera me deu uma luz. E a\u00ed come\u00e7ou o processo&#8221;,\u00a0disse.<\/p>\n<p>A socialite aproveitou para aconselhar outras mulheres. &#8220;Fa\u00e7am a mamografia, quando voc\u00ea faz \u00e9 mais f\u00e1cil de diagnosticar, vai salvar a sua vida. Com essa minha dor que eu estou passando, vai piscar um alerta para as mulheres fazerem a mamografia&#8221;,\u00a0comentou.<\/p>\n<p>&#8220;Recebi muitas mensagens de mulheres que nunca tinham feito mamografia. At\u00e9 a minha funcion\u00e1ria, de 60 anos, nunca fez. Agora eu \u00e9 que levar ela pra fazer. Voc\u00ea sabia que menos de 25% das mulheres fazem mamografia no Brasil?&#8221;, destacou Val.<\/p>\n<p>continua depois da publicidade<\/p>\n","protected":false},"excerpt":{"rendered":"Em tratamento contra um c\u00e2ncer de mama &#8211; ela passou por uma cirurgia para a retirada do tumor&hellip;\n","protected":false},"author":2,"featured_media":63417,"comment_status":"","ping_status":"","sticky":false,"template":"","format":"standard","meta":{"footnotes":""},"categories":[145],"tags":[211,210,114,115,32,33,14403],"class_list":{"0":"post-63416","1":"post","2":"type-post","3":"status-publish","4":"format-standard","5":"has-post-thumbnail","7":"category-celebridades","8":"tag-celebridades","9":"tag-celebrities","10":"tag-entertainment","11":"tag-entretenimento","12":"tag-portugal","13":"tag-pt","14":"tag-val-marchiori"},"share_on_mastodon":{"url":"","error":""},"_links":{"self":[{"href":"https:\/\/www.europesays.com\/pt\/wp-json\/wp\/v2\/posts\/63416","targetHints":{"allow":["GET"]}}],"collection":[{"href":"https:\/\/www.europesays.com\/pt\/wp-json\/wp\/v2\/posts"}],"about":[{"href":"https:\/\/www.europesays.com\/pt\/wp-json\/wp\/v2\/types\/post"}],"author":[{"embeddable":true,"href":"https:\/\/www.europesays.com\/pt\/wp-json\/wp\/v2\/users\/2"}],"replies":[{"embeddable":true,"href":"https:\/\/www.europesays.com\/pt\/wp-json\/wp\/v2\/comments?post=63416"}],"version-history":[{"count":0,"href":"https:\/\/www.europesays.com\/pt\/wp-json\/wp\/v2\/posts\/63416\/revisions"}],"wp:featuredmedia":[{"embeddable":true,"href":"https:\/\/www.europesays.com\/pt\/wp-json\/wp\/v2\/media\/63417"}],"wp:attachment":[{"href":"https:\/\/www.europesays.com\/pt\/wp-json\/wp\/v2\/media?parent=63416"}],"wp:term":[{"taxonomy":"category","embeddable":true,"href":"https:\/\/www.europesays.com\/pt\/wp-json\/wp\/v2\/categories?post=63416"},{"taxonomy":"post_tag","embeddable":true,"href":"https:\/\/www.europesays.com\/pt\/wp-json\/wp\/v2\/tags?post=63416"}],"curies":[{"name":"wp","href":"https:\/\/api.w.org\/{rel}","templated":true}]}}