{"id":63470,"date":"2025-09-08T21:11:07","date_gmt":"2025-09-08T21:11:07","guid":{"rendered":"https:\/\/www.europesays.com\/pt\/63470\/"},"modified":"2025-09-08T21:11:07","modified_gmt":"2025-09-08T21:11:07","slug":"terminal-do-aeroporto-de-heathrow-evacuado-apos-incidente","status":"publish","type":"post","link":"https:\/\/www.europesays.com\/pt\/63470\/","title":{"rendered":"Terminal do aeroporto de Heathrow evacuado ap\u00f3s incidente"},"content":{"rendered":"<p>Um terminal do aeroporto de Heathrow, em Londres, no Reino Unido, foi evacuado, esta segunda-feira, ap\u00f3s um &#8220;poss\u00edvel incidente com materiais perigosos&#8221;.<\/p>\n<p>&#8220;A zona do check-in do Terminal 4 foi fechado e evacuado enquanto os servi\u00e7os de emerg\u00eancia respondem a um incidente&#8221;, l\u00ea-se numa nota partilhada pelo aeroporto na rede social X (antigo Twitter).<\/p>\n<p>O aeroporto pede ainda aos passageiros para que n\u00e3o se desloquem at\u00e9 aquele terminal e que ir\u00e3o partilhar &#8220;mais informa\u00e7\u00f5es assim que poss\u00edvel&#8221;. &#8220;Todos os outros terminais est\u00e3o a funcionar com normalidade&#8221;.<\/p>\n<p>J\u00e1 um porta-voz do departamento dos Bombeiros de Londres adiantou \u00e0 Sky News que foram destacadas &#8220;equipas especializadas para realizar uma avalia\u00e7\u00e3o no local&#8221; e que &#8220;parte do aeroporto foi evacuada por precau\u00e7\u00e3o&#8221;.<\/p>\n<blockquote class=\"twitter-tweet\"><p>&#13;<\/p>\n<p dir=\"ltr\" lang=\"en\">Terminal 4 check-in has been closed and evacuated while emergency services respond to an incident. Please do not travel to Terminal 4, colleagues are supporting passengers on site. We will provide further information as soon as we can, all other terminals are operating as normal <a href=\"https:\/\/t.co\/Zdbc8D7gw3\" rel=\"nofollow\">pic.twitter.com\/Zdbc8D7gw3<\/a><\/p>\n<p>&#13;<br \/>\n                                                    \u2014 Heathrow Airport (@HeathrowAirport) <a href=\"https:\/\/twitter.com\/HeathrowAirport\/status\/1965109036375802038?ref_src=twsrc%5Etfw\" rel=\"nofollow noopener\" target=\"_blank\">September 8, 2025<\/a><\/p><\/blockquote>\n<p>Nas redes sociais circulam j\u00e1 v\u00e1rias fotografias e v\u00eddeos onde \u00e9 poss\u00edvel ver v\u00e1rias ambul\u00e2ncias e carros de bombeiros, assim como centenas de passageiros no local.<\/p>\n<blockquote class=\"twitter-tweet\" data-media-max-width=\"560\"><p>&#13;<\/p>\n<p dir=\"ltr\" lang=\"en\"><a href=\"https:\/\/twitter.com\/hashtag\/JUSTIN?src=hash&amp;ref_src=twsrc%5Etfw\" rel=\"nofollow noopener\" target=\"_blank\">#JUSTIN<\/a>: Check-in at Terminal 4 at Heathrow Airport has been closed and the terminal evacuated after an incident, officials confirmed. <\/p>\n<p>Emergency services are currently on site, and passengers are being assisted by staff. <\/p>\n<p>Authorities have urged travelers not to head to\u2026 <a href=\"https:\/\/t.co\/jWZgWQzwo2\" rel=\"nofollow\">pic.twitter.com\/jWZgWQzwo2<\/a><\/p>\n<p>&#13;<br \/>\n                                                    \u2014 upuknews (@upuknews1) <a href=\"https:\/\/twitter.com\/upuknews1\/status\/1965113047359615224?ref_src=twsrc%5Etfw\" rel=\"nofollow noopener\" target=\"_blank\">September 8, 2025<\/a><\/p><\/blockquote>\n<blockquote class=\"twitter-tweet\"><p>&#13;<\/p>\n<p dir=\"ltr\" lang=\"en\"><a href=\"https:\/\/twitter.com\/HeathrowAirport?ref_src=twsrc%5Etfw\" rel=\"nofollow noopener\" target=\"_blank\">@HeathrowAirport<\/a> what&#8217;s happening? T4 evacuated? <a href=\"https:\/\/twitter.com\/BBCNews?ref_src=twsrc%5Etfw\" rel=\"nofollow noopener\" target=\"_blank\">@BBCNews<\/a> <a href=\"https:\/\/twitter.com\/SkyNews?ref_src=twsrc%5Etfw\" rel=\"nofollow noopener\" target=\"_blank\">@SkyNews<\/a> <a href=\"https:\/\/twitter.com\/SkyNewsBreak?ref_src=twsrc%5Etfw\" rel=\"nofollow noopener\" target=\"_blank\">@SkyNewsBreak<\/a> <a href=\"https:\/\/twitter.com\/GBNEWS?ref_src=twsrc%5Etfw\" rel=\"nofollow noopener\" target=\"_blank\">@GBNEWS<\/a> <a href=\"https:\/\/twitter.com\/cnnbrk?ref_src=twsrc%5Etfw\" rel=\"nofollow noopener\" target=\"_blank\">@cnnbrk<\/a> <a href=\"https:\/\/t.co\/nf1wiRycXw\" rel=\"nofollow\">pic.twitter.com\/nf1wiRycXw<\/a><\/p>\n<p>&#13;<br \/>\n                                                    \u2014 Kieran burchmore (@KieranBurchmore) <a href=\"https:\/\/twitter.com\/KieranBurchmore\/status\/1965089556283404299?ref_src=twsrc%5Etfw\" rel=\"nofollow noopener\" target=\"_blank\">September 8, 2025<\/a><\/p><\/blockquote>\n<blockquote class=\"twitter-tweet\"><p>&#13;<\/p>\n<p dir=\"ltr\" lang=\"zxx\"><a href=\"https:\/\/t.co\/cDnTIQYy8F\" rel=\"nofollow\">pic.twitter.com\/cDnTIQYy8F<\/a><\/p>\n<p>&#13;<br \/>\n                                                    \u2014 Kieran burchmore (@KieranBurchmore) <a href=\"https:\/\/twitter.com\/KieranBurchmore\/status\/1965092940646416453?ref_src=twsrc%5Etfw\" rel=\"nofollow noopener\" target=\"_blank\">September 8, 2025<\/a><\/p><\/blockquote>\n<p>[Not\u00edcia atualizada \u00e0s 19h13]<\/p>\n<p>Leia Tamb\u00e9m: <a href=\"https:\/\/www.noticiasaominuto.com\/cultura\/2850059\/londres-juiz-ataca-manifestante-em-obra-de-banksy-no-palacio-da-justica\" target=\"_blank\" rel=\"noopener noreferrer nofollow\">Londres. Juiz ataca manifestante em obra de Banksy no Pal\u00e1cio da Justi\u00e7a<\/a><\/p>\n<p>                                    <script async src=\"https:\/\/platform.twitter.com\/widgets.js\" charset=\"utf-8\"><\/script><\/p>\n","protected":false},"excerpt":{"rendered":"Um terminal do aeroporto de Heathrow, em Londres, no Reino Unido, foi evacuado, esta segunda-feira, ap\u00f3s um &#8220;poss\u00edvel&hellip;\n","protected":false},"author":2,"featured_media":63471,"comment_status":"","ping_status":"","sticky":false,"template":"","format":"standard","meta":{"footnotes":""},"categories":[50],"tags":[27,28,15,16,14,25,26,21,22,62,12,13,19,20,23,24,17,18,29,30,31,63,64,65],"class_list":{"0":"post-63470","1":"post","2":"type-post","3":"status-publish","4":"format-standard","5":"has-post-thumbnail","7":"category-mundo","8":"tag-breaking-news","9":"tag-breakingnews","10":"tag-featured-news","11":"tag-featurednews","12":"tag-headlines","13":"tag-latest-news","14":"tag-latestnews","15":"tag-main-news","16":"tag-mainnews","17":"tag-mundo","18":"tag-news","19":"tag-noticias","20":"tag-noticias-principais","21":"tag-noticiasprincipais","22":"tag-principais-noticias","23":"tag-principaisnoticias","24":"tag-top-stories","25":"tag-topstories","26":"tag-ultimas","27":"tag-ultimas-noticias","28":"tag-ultimasnoticias","29":"tag-world","30":"tag-world-news","31":"tag-worldnews"},"share_on_mastodon":{"url":"","error":""},"_links":{"self":[{"href":"https:\/\/www.europesays.com\/pt\/wp-json\/wp\/v2\/posts\/63470","targetHints":{"allow":["GET"]}}],"collection":[{"href":"https:\/\/www.europesays.com\/pt\/wp-json\/wp\/v2\/posts"}],"about":[{"href":"https:\/\/www.europesays.com\/pt\/wp-json\/wp\/v2\/types\/post"}],"author":[{"embeddable":true,"href":"https:\/\/www.europesays.com\/pt\/wp-json\/wp\/v2\/users\/2"}],"replies":[{"embeddable":true,"href":"https:\/\/www.europesays.com\/pt\/wp-json\/wp\/v2\/comments?post=63470"}],"version-history":[{"count":0,"href":"https:\/\/www.europesays.com\/pt\/wp-json\/wp\/v2\/posts\/63470\/revisions"}],"wp:featuredmedia":[{"embeddable":true,"href":"https:\/\/www.europesays.com\/pt\/wp-json\/wp\/v2\/media\/63471"}],"wp:attachment":[{"href":"https:\/\/www.europesays.com\/pt\/wp-json\/wp\/v2\/media?parent=63470"}],"wp:term":[{"taxonomy":"category","embeddable":true,"href":"https:\/\/www.europesays.com\/pt\/wp-json\/wp\/v2\/categories?post=63470"},{"taxonomy":"post_tag","embeddable":true,"href":"https:\/\/www.europesays.com\/pt\/wp-json\/wp\/v2\/tags?post=63470"}],"curies":[{"name":"wp","href":"https:\/\/api.w.org\/{rel}","templated":true}]}}