{"id":63600,"date":"2025-09-08T23:29:04","date_gmt":"2025-09-08T23:29:04","guid":{"rendered":"https:\/\/www.europesays.com\/pt\/63600\/"},"modified":"2025-09-08T23:29:04","modified_gmt":"2025-09-08T23:29:04","slug":"feira-do-livro-de-beja-espera-mais-de-uma-centena-de-escritores-e-mediadores-de-leitura","status":"publish","type":"post","link":"https:\/\/www.europesays.com\/pt\/63600\/","title":{"rendered":"Feira do Livro de Beja espera mais de uma centena de escritores e mediadores de leitura"},"content":{"rendered":"<p>Na cidade de Beja est\u00e1 em contagem decrescente mais uma Feira do Livro. A iniciativa transforma o Centro Hist\u00f3rico da cidade numa livraria a c\u00e9u aberto, entre a pr\u00f3xima quinta-feira e domingo.<\/p>\n<p>\u201cEstar\u00e3o presentes livreiros vindos dos quatro cantos do pa\u00eds, alguns deles generalistas, mas outros especializados em literatura feminista e LGBTQIAPN+, literatura e cultura africana, literatura e cultura brasileira e literatura para a inf\u00e2ncia, todos apaixonados pela leitura e empenhados em sugerir bons livros para comprar\u201d, anuncia a C\u00e2mara de Beja.<\/p>\n<p>De acordo com a autarquia, mais de uma centena de escritores e mediadores de leitura passar\u00e3o pela Feira, incluindo autores naturais da regi\u00e3o de Beja, em tert\u00falias, sess\u00f5es de leitura e aut\u00f3grafos.<\/p>\n","protected":false},"excerpt":{"rendered":"Na cidade de Beja est\u00e1 em contagem decrescente mais uma Feira do Livro. A iniciativa transforma o Centro&hellip;\n","protected":false},"author":2,"featured_media":63601,"comment_status":"","ping_status":"","sticky":false,"template":"","format":"standard","meta":{"footnotes":""},"categories":[143],"tags":[169,114,115,170,32,33],"class_list":{"0":"post-63600","1":"post","2":"type-post","3":"status-publish","4":"format-standard","5":"has-post-thumbnail","7":"category-livros","8":"tag-books","9":"tag-entertainment","10":"tag-entretenimento","11":"tag-livros","12":"tag-portugal","13":"tag-pt"},"share_on_mastodon":{"url":"","error":""},"_links":{"self":[{"href":"https:\/\/www.europesays.com\/pt\/wp-json\/wp\/v2\/posts\/63600","targetHints":{"allow":["GET"]}}],"collection":[{"href":"https:\/\/www.europesays.com\/pt\/wp-json\/wp\/v2\/posts"}],"about":[{"href":"https:\/\/www.europesays.com\/pt\/wp-json\/wp\/v2\/types\/post"}],"author":[{"embeddable":true,"href":"https:\/\/www.europesays.com\/pt\/wp-json\/wp\/v2\/users\/2"}],"replies":[{"embeddable":true,"href":"https:\/\/www.europesays.com\/pt\/wp-json\/wp\/v2\/comments?post=63600"}],"version-history":[{"count":0,"href":"https:\/\/www.europesays.com\/pt\/wp-json\/wp\/v2\/posts\/63600\/revisions"}],"wp:featuredmedia":[{"embeddable":true,"href":"https:\/\/www.europesays.com\/pt\/wp-json\/wp\/v2\/media\/63601"}],"wp:attachment":[{"href":"https:\/\/www.europesays.com\/pt\/wp-json\/wp\/v2\/media?parent=63600"}],"wp:term":[{"taxonomy":"category","embeddable":true,"href":"https:\/\/www.europesays.com\/pt\/wp-json\/wp\/v2\/categories?post=63600"},{"taxonomy":"post_tag","embeddable":true,"href":"https:\/\/www.europesays.com\/pt\/wp-json\/wp\/v2\/tags?post=63600"}],"curies":[{"name":"wp","href":"https:\/\/api.w.org\/{rel}","templated":true}]}}