{"id":63621,"date":"2025-09-08T23:46:15","date_gmt":"2025-09-08T23:46:15","guid":{"rendered":"https:\/\/www.europesays.com\/pt\/63621\/"},"modified":"2025-09-08T23:46:15","modified_gmt":"2025-09-08T23:46:15","slug":"mads-mikkelsen-e-um-cacador-de-monstros-no-trailer-de-dust-bunny-novo-filme-do-criador-de-hannibal","status":"publish","type":"post","link":"https:\/\/www.europesays.com\/pt\/63621\/","title":{"rendered":"Mads Mikkelsen \u00e9 um ca\u00e7ador de monstros no trailer de &#8216;Dust Bunny&#8217;, novo filme do criador de &#8216;Hannibal&#8217;"},"content":{"rendered":"<p>O filme de fantasia \u2018<strong><a href=\"https:\/\/cinepop.com.br\/tag\/dusty-bunny\/\" title=\"Dusty Bunny\" rel=\"nofollow noopener\" target=\"_blank\">Dusty Bunny<\/a><\/strong>\u2018, estrelado por <strong><a href=\"https:\/\/cinepop.com.br\/tag\/mads-mikkelsen\/\" title=\"Mads Mikkelsen\" rel=\"nofollow noopener\" target=\"_blank\">Mads Mikkelsen<\/a><\/strong> (\u2018A Ca\u00e7a\u2019), ganhou o primeiro trailer.<\/p>\n<p><strong><a href=\"https:\/\/cinepop.com.br\/tag\/bryan-fuller\/\" title=\"Bryan Fuller\" rel=\"nofollow noopener\" target=\"_blank\">Bryan Fuller<\/a><\/strong>, criador de \u2018<strong>Hannibal<\/strong>\u2018 e \u2018<strong>Pushing Diasies<\/strong>\u2018, \u00e9 respons\u00e1vel pela dire\u00e7\u00e3o \u2013 marcando sua estreia no comando de um longa-metragem.<\/p>\n<p>Confira e siga o <a href=\"https:\/\/www.youtube.com\/cinepop?sub_confirmation=1\" target=\"_blank\" rel=\"noopener nofollow\"><strong>CinePOP no Youtube<\/strong><\/a>:<\/p>\n<p>O longa est\u00e1 programado para estrear no <strong>dia 5 de dezembro<\/strong>.<\/p>\n<p>\u201cAurora, uma menina de 10 anos, tem um vizinho misterioso (<strong>Mikkelsen<\/strong>) que mata monstros da vida real. Ele \u00e9 um assassino de aluguel. Ent\u00e3o, quando Aurora precisa de ajuda para matar o monstro que ela acredita ter devorado toda a sua fam\u00edlia, ela contrata os servi\u00e7os dele.\u201d<\/p>\n<p>\u201cSuspeitando que seus pais possam ter sido v\u00edtimas de assassinos que o perseguiam, o vizinho de Aurora aceita o trabalho, sentindo-se culpado. Agora, para proteg\u00ea-la, ele precisar\u00e1 lutar contra uma horda de assassinos \u2014 e aceitar que alguns monstros s\u00e3o reais.\u201d<\/p>\n<p>O elenco ainda conta com <strong><a href=\"https:\/\/cinepop.com.br\/tag\/sophie-sloan\/\" title=\"Sophie Sloan\" rel=\"nofollow noopener\" target=\"_blank\">Sophie Sloan<\/a><\/strong>,<strong> <a href=\"https:\/\/cinepop.com.br\/tag\/sigourney-weaver\/\" title=\"Sigourney Weaver\" rel=\"nofollow noopener\" target=\"_blank\">Sigourney Weaver<\/a><\/strong>,<strong>\u00a0<a href=\"https:\/\/cinepop.com.br\/tag\/david-dastmalchian\/\" title=\"David Dastmalchian\" rel=\"nofollow noopener\" target=\"_blank\">David Dastmalchian<\/a><\/strong>,<strong> <a href=\"https:\/\/cinepop.com.br\/tag\/rebecca-henderson\/\" title=\"Rebecca Henderson\" rel=\"nofollow noopener\" target=\"_blank\">Rebecca Henderson<\/a> <\/strong>e<strong>\u00a0<a href=\"https:\/\/cinepop.com.br\/tag\/sheila-atim\/\" title=\"Sheila Atim\" rel=\"nofollow noopener\" target=\"_blank\">Sheila Atim<\/a><\/strong>.<\/p>\n<p><img fetchpriority=\"high\" decoding=\"async\" class=\"alignnone  wp-image-691329\" src=\"https:\/\/www.europesays.com\/pt\/wp-content\/uploads\/2025\/09\/dust-bunny-poster.webp.webp\" alt=\"\" width=\"1045\" height=\"1548\"  \/><\/p>\n","protected":false},"excerpt":{"rendered":"O filme de fantasia \u2018Dusty Bunny\u2018, estrelado por Mads Mikkelsen (\u2018A Ca\u00e7a\u2019), ganhou o primeiro trailer. Bryan Fuller,&hellip;\n","protected":false},"author":2,"featured_media":63622,"comment_status":"","ping_status":"","sticky":false,"template":"","format":"standard","meta":{"footnotes":""},"categories":[140],"tags":[17609,17610,17611,114,115,147,148,13536,146,32,33,17612,17613,17614,17615],"class_list":{"0":"post-63621","1":"post","2":"type-post","3":"status-publish","4":"format-standard","5":"has-post-thumbnail","7":"category-filmes","8":"tag-bryan-fuller","9":"tag-david-dastmalchian","10":"tag-dusty-bunny","11":"tag-entertainment","12":"tag-entretenimento","13":"tag-film","14":"tag-filmes","15":"tag-mads-mikkelsen","16":"tag-movies","17":"tag-portugal","18":"tag-pt","19":"tag-rebecca-henderson","20":"tag-sheila-atim","21":"tag-sigourney-weaver","22":"tag-sophie-sloan"},"share_on_mastodon":{"url":"","error":""},"_links":{"self":[{"href":"https:\/\/www.europesays.com\/pt\/wp-json\/wp\/v2\/posts\/63621","targetHints":{"allow":["GET"]}}],"collection":[{"href":"https:\/\/www.europesays.com\/pt\/wp-json\/wp\/v2\/posts"}],"about":[{"href":"https:\/\/www.europesays.com\/pt\/wp-json\/wp\/v2\/types\/post"}],"author":[{"embeddable":true,"href":"https:\/\/www.europesays.com\/pt\/wp-json\/wp\/v2\/users\/2"}],"replies":[{"embeddable":true,"href":"https:\/\/www.europesays.com\/pt\/wp-json\/wp\/v2\/comments?post=63621"}],"version-history":[{"count":0,"href":"https:\/\/www.europesays.com\/pt\/wp-json\/wp\/v2\/posts\/63621\/revisions"}],"wp:featuredmedia":[{"embeddable":true,"href":"https:\/\/www.europesays.com\/pt\/wp-json\/wp\/v2\/media\/63622"}],"wp:attachment":[{"href":"https:\/\/www.europesays.com\/pt\/wp-json\/wp\/v2\/media?parent=63621"}],"wp:term":[{"taxonomy":"category","embeddable":true,"href":"https:\/\/www.europesays.com\/pt\/wp-json\/wp\/v2\/categories?post=63621"},{"taxonomy":"post_tag","embeddable":true,"href":"https:\/\/www.europesays.com\/pt\/wp-json\/wp\/v2\/tags?post=63621"}],"curies":[{"name":"wp","href":"https:\/\/api.w.org\/{rel}","templated":true}]}}